{"id":2477,"date":"2023-05-09T16:03:30","date_gmt":"2023-05-09T14:03:30","guid":{"rendered":"https:\/\/stroteam.com\/?p=2477"},"modified":"2023-05-17T10:00:26","modified_gmt":"2023-05-17T08:00:26","slug":"souvenir-denfance","status":"publish","type":"post","link":"https:\/\/stroteam.com\/index.php\/2023\/05\/09\/souvenir-denfance\/","title":{"rendered":"Souvenirs d&#8217;Enfance"},"content":{"rendered":"\n<h1 class=\"has-text-align-center\">Souvenirs d&#8217;Enfance  par Madeleine Horst <\/h1>\n\n\n\n<p><em>Note d&#8217;introduction: la version dactylographi\u00e9e est pr\u00e9sent\u00e9e. Si j&#8217;ai le temps elle sera <strong>OCR<\/strong>is\u00e9e ult\u00e9rieurement. <\/em><\/p>\n\n\n\n<p><\/p>\n\n\n\n<hr class=\"wp-block-separator has-alpha-channel-opacity\"\/>\n\n\n\n<div class=\"wp-block-file\"><object class=\"wp-block-file__embed\" data=\"https:\/\/stroteam.com\/wp-content\/uploads\/2023\/05\/AutrefoisOK001.pdf\" type=\"application\/pdf\" style=\"width:100%;height:650px\" aria-label=\"Embed of Souvenir.\"><\/object><a id=\"wp-block-file--media-7ec3ba25-c2f0-45ea-9483-5d88ff073fd8\" href=\"https:\/\/stroteam.com\/wp-content\/uploads\/2023\/05\/AutrefoisOK001.pdf\">Souvenir<\/a><\/div>\n","protected":false},"excerpt":{"rendered":"<p>Souvenirs d&#8217;Enfance par Madeleine Horst Note d&#8217;introduction: la version dactylographi\u00e9e est pr\u00e9sent\u00e9e. Si j&#8217;ai le temps elle sera OCRis\u00e9e ult\u00e9rieurement.<\/p>\n","protected":false},"author":4,"featured_media":792,"comment_status":"open","ping_status":"open","sticky":false,"template":"","format":"standard","meta":{"_et_pb_use_builder":"off","_et_pb_old_content":"<!-- wp:heading {\"textAlign\":\"center\",\"level\":1} -->\n<h1 class=\"has-text-align-center\">L'Enigme Berthe Stroh?<\/h1>\n<!-- \/wp:heading -->\n\n<!-- wp:heading {\"textAlign\":\"center\",\"level\":1} -->\n<h1 class=\"has-text-align-center\">Novembre 2022<\/h1>\n<!-- \/wp:heading -->\n\n<!-- wp:paragraph -->\n<p>En rangeant ses archives, Georges est tomb\u00e9 sur une note manuscrite qui devait accompagner l'arbre g\u00e9n\u00e9alogique r\u00e9alis\u00e9 par Madeleine Horst (voir la section Gen\u00e9a). Dans cette note Madeleine mentionnait que Berthe avait \u00e9t\u00e9 Gouvernante des enfants royaux au Ch\u00e2teau de Windsor sans aucune pr\u00e9cision suppl\u00e9mentaire.  Ci-dessous compilation des \u00e9changes sur le sujet.<\/p>\n<!-- \/wp:paragraph -->\n\n<!-- wp:image {\"align\":\"center\",\"id\":804,\"sizeSlug\":\"full\",\"linkDestination\":\"none\",\"className\":\"is-style-default\"} -->\n<figure class=\"wp-block-image aligncenter size-full is-style-default\"><img src=\"https:\/\/stroteam.com\/wp-content\/uploads\/2023\/04\/Berthe-1.jpg\" alt=\"\" class=\"wp-image-804\"\/><figcaption class=\"wp-element-caption\">Zoom sur Berthe dans l'arbre<\/figcaption><\/figure>\n<!-- \/wp:image -->\n\n<!-- wp:heading {\"textAlign\":\"center\"} -->\n<h2 class=\"has-text-align-center\">-I- Berthe Stroh, gouvernante \u00e0 Windsor. On a pas la preuve !<\/h2>\n<!-- \/wp:heading -->\n\n<!-- wp:paragraph -->\n<p>Ci-dessous le mail d'analyse de Novembre 2022.<\/p>\n<!-- \/wp:paragraph -->\n\n<!-- wp:separator -->\n<hr class=\"wp-block-separator has-alpha-channel-opacity\"\/>\n<!-- \/wp:separator -->\n\n<!-- wp:paragraph -->\n<p>Salut Denise,<br>En r\u00e9sum\u00e9:<br>-Fritz Stroh n\u00e9 en 1816, mari\u00e9e en 1851 (\u00e9pouse Bruch). Fritz son p\u00e8re \u00e9tait \u00e9tait l'un des fr\u00e8res de notre Arri\u00e8re-Arri\u00e8re-Grand-P\u00e8re Georges (1812-1898)<br>-<strong>Berthe Stroh<\/strong> sa fille, n\u00e9e vers 1855-1860. Hypoth\u00e8se car nous n'avons pas sa date de naissance mais je le d\u00e9termine au doigt mouill\u00e9 en fonction de l'age des fr\u00e8res et s\u0153urs. Elle est d\u00e9c\u00e9d\u00e9e en 1938, c'est sur internet. Aucune info sur son \u00e9tat marital.<br>-On ajoute 20 ans minimum avec l'hypoth\u00e8se qu'elle n'a pas pu \u00eatre nounou d'enfants Royaux avant 20 ans. <br>-On obtient alors une date d'entr\u00e9e en fonction au plus t\u00f4t vers 1875.<\/p>\n<!-- \/wp:paragraph -->\n\n<!-- wp:paragraph -->\n<p>Donc je dirais qu'il faut <strong>chercher la prise de fonction \u00e0 Windsor entre 1870 et 1925<\/strong> pour faire tr\u00e8s tr\u00e8s large.<br>Bonne recherche!<\/p>\n<!-- \/wp:paragraph -->\n\n<!-- wp:paragraph -->\n<p>Bise,<\/p>\n<!-- \/wp:paragraph -->\n\n<!-- wp:paragraph -->\n<p>Laurent<\/p>\n<!-- \/wp:paragraph -->\n\n<!-- wp:separator -->\n<hr class=\"wp-block-separator has-alpha-channel-opacity\"\/>\n<!-- \/wp:separator -->\n\n<!-- wp:paragraph -->\n<p>La recherche n'ayant rien donn\u00e9 le cas reste un <strong>Cold Case<\/strong>. Il faudrait \u00e9crire \u00e0 <strong>Charles III pour r\u00e9soudre l'\u00e9nigme<\/strong> et trouver documents ou photos attestant son r\u00f4le !<\/p>\n<!-- \/wp:paragraph -->","_et_gb_content_width":""},"categories":[15],"tags":[],"yoast_head":"<!-- This site is optimized with the Yoast SEO plugin v20.5 - https:\/\/yoast.com\/wordpress\/plugins\/seo\/ -->\n<title>Madeleine Horst - Horbourg- Famille-<\/title>\n<meta name=\"description\" content=\"Madeleine Horst donne ses souvenirs d&#039;enfance dans les ann\u00e9es 1900 et fait &quot;vivre&quot; ses oncles, tantes dans les ann\u00e9es 1900 \u00e0 Paris, Horbourg, Montmorency,...\" \/>\n<meta name=\"robots\" content=\"index, follow, max-snippet:-1, max-image-preview:large, max-video-preview:-1\" \/>\n<link rel=\"canonical\" href=\"https:\/\/stroteam.com\/index.php\/2023\/05\/09\/souvenir-denfance\/\" \/>\n<meta property=\"og:locale\" content=\"en_US\" \/>\n<meta property=\"og:type\" content=\"article\" \/>\n<meta property=\"og:title\" content=\"Madeleine Horst - Horbourg- Famille-\" \/>\n<meta property=\"og:description\" content=\"Madeleine Horst donne ses souvenirs d&#039;enfance dans les ann\u00e9es 1900 et fait &quot;vivre&quot; ses oncles, tantes dans les ann\u00e9es 1900 \u00e0 Paris, Horbourg, Montmorency,...\" \/>\n<meta property=\"og:url\" content=\"https:\/\/stroteam.com\/index.php\/2023\/05\/09\/souvenir-denfance\/\" \/>\n<meta property=\"og:site_name\" content=\"Family Stroh &amp; Co\" \/>\n<meta property=\"article:published_time\" content=\"2023-05-09T14:03:30+00:00\" \/>\n<meta property=\"article:modified_time\" content=\"2023-05-17T08:00:26+00:00\" \/>\n<meta property=\"og:image\" content=\"http:\/\/stroteam.com\/wp-content\/uploads\/2023\/04\/ecu-long-v2.jpg\" \/>\n\t<meta property=\"og:image:width\" content=\"1348\" \/>\n\t<meta property=\"og:image:height\" content=\"540\" \/>\n\t<meta property=\"og:image:type\" content=\"image\/jpeg\" \/>\n<meta name=\"author\" content=\"Madeleine Horst\" \/>\n<meta name=\"twitter:card\" content=\"summary_large_image\" \/>\n<meta name=\"twitter:label1\" content=\"Written by\" \/>\n\t<meta name=\"twitter:data1\" content=\"Madeleine Horst\" \/>\n\t<meta name=\"twitter:label2\" content=\"Est. reading time\" \/>\n\t<meta name=\"twitter:data2\" content=\"1 minute\" \/>\n<script type=\"application\/ld+json\" class=\"yoast-schema-graph\">{\"@context\":\"https:\/\/schema.org\",\"@graph\":[{\"@type\":\"WebPage\",\"@id\":\"https:\/\/stroteam.com\/index.php\/2023\/05\/09\/souvenir-denfance\/\",\"url\":\"https:\/\/stroteam.com\/index.php\/2023\/05\/09\/souvenir-denfance\/\",\"name\":\"Madeleine Horst - Horbourg- Famille-\",\"isPartOf\":{\"@id\":\"https:\/\/stroteam.com\/#website\"},\"datePublished\":\"2023-05-09T14:03:30+00:00\",\"dateModified\":\"2023-05-17T08:00:26+00:00\",\"author\":{\"@id\":\"https:\/\/stroteam.com\/#\/schema\/person\/a515c857cb8a914cdc256a028763bde1\"},\"description\":\"Madeleine Horst donne ses souvenirs d'enfance dans les ann\u00e9es 1900 et fait \\\"vivre\\\" ses oncles, tantes dans les ann\u00e9es 1900 \u00e0 Paris, Horbourg, Montmorency,...\",\"breadcrumb\":{\"@id\":\"https:\/\/stroteam.com\/index.php\/2023\/05\/09\/souvenir-denfance\/#breadcrumb\"},\"inLanguage\":\"en-US\",\"potentialAction\":[{\"@type\":\"ReadAction\",\"target\":[\"https:\/\/stroteam.com\/index.php\/2023\/05\/09\/souvenir-denfance\/\"]}]},{\"@type\":\"BreadcrumbList\",\"@id\":\"https:\/\/stroteam.com\/index.php\/2023\/05\/09\/souvenir-denfance\/#breadcrumb\",\"itemListElement\":[{\"@type\":\"ListItem\",\"position\":1,\"name\":\"Accueil\",\"item\":\"https:\/\/stroteam.com\/\"},{\"@type\":\"ListItem\",\"position\":2,\"name\":\"Souvenirs d&rsquo;Enfance\"}]},{\"@type\":\"WebSite\",\"@id\":\"https:\/\/stroteam.com\/#website\",\"url\":\"https:\/\/stroteam.com\/\",\"name\":\"Family Stroh &amp; Co\",\"description\":\"R\u00e9cits des familles Stroh &amp; Co du Saint Empire Germanique \u00e0 aujourd&#039;hui\",\"potentialAction\":[{\"@type\":\"SearchAction\",\"target\":{\"@type\":\"EntryPoint\",\"urlTemplate\":\"https:\/\/stroteam.com\/?s={search_term_string}\"},\"query-input\":\"required name=search_term_string\"}],\"inLanguage\":\"en-US\"},{\"@type\":\"Person\",\"@id\":\"https:\/\/stroteam.com\/#\/schema\/person\/a515c857cb8a914cdc256a028763bde1\",\"name\":\"Madeleine Horst\",\"image\":{\"@type\":\"ImageObject\",\"inLanguage\":\"en-US\",\"@id\":\"https:\/\/stroteam.com\/#\/schema\/person\/image\/\",\"url\":\"https:\/\/secure.gravatar.com\/avatar\/3d8770e9af713a4eab9f75b037e0d1b2?s=96&r=g\",\"contentUrl\":\"https:\/\/secure.gravatar.com\/avatar\/3d8770e9af713a4eab9f75b037e0d1b2?s=96&r=g\",\"caption\":\"Madeleine Horst\"},\"url\":\"https:\/\/stroteam.com\/index.php\/author\/horstm\/\"}]}<\/script>\n<!-- \/ Yoast SEO plugin. -->","yoast_head_json":{"title":"Madeleine Horst - Horbourg- Famille-","description":"Madeleine Horst donne ses souvenirs d'enfance dans les ann\u00e9es 1900 et fait \"vivre\" ses oncles, tantes dans les ann\u00e9es 1900 \u00e0 Paris, Horbourg, Montmorency,...","robots":{"index":"index","follow":"follow","max-snippet":"max-snippet:-1","max-image-preview":"max-image-preview:large","max-video-preview":"max-video-preview:-1"},"canonical":"https:\/\/stroteam.com\/index.php\/2023\/05\/09\/souvenir-denfance\/","og_locale":"en_US","og_type":"article","og_title":"Madeleine Horst - Horbourg- Famille-","og_description":"Madeleine Horst donne ses souvenirs d'enfance dans les ann\u00e9es 1900 et fait \"vivre\" ses oncles, tantes dans les ann\u00e9es 1900 \u00e0 Paris, Horbourg, Montmorency,...","og_url":"https:\/\/stroteam.com\/index.php\/2023\/05\/09\/souvenir-denfance\/","og_site_name":"Family Stroh &amp; Co","article_published_time":"2023-05-09T14:03:30+00:00","article_modified_time":"2023-05-17T08:00:26+00:00","og_image":[{"width":1348,"height":540,"url":"http:\/\/stroteam.com\/wp-content\/uploads\/2023\/04\/ecu-long-v2.jpg","type":"image\/jpeg"}],"author":"Madeleine Horst","twitter_card":"summary_large_image","twitter_misc":{"Written by":"Madeleine Horst","Est. reading time":"1 minute"},"schema":{"@context":"https:\/\/schema.org","@graph":[{"@type":"WebPage","@id":"https:\/\/stroteam.com\/index.php\/2023\/05\/09\/souvenir-denfance\/","url":"https:\/\/stroteam.com\/index.php\/2023\/05\/09\/souvenir-denfance\/","name":"Madeleine Horst - Horbourg- Famille-","isPartOf":{"@id":"https:\/\/stroteam.com\/#website"},"datePublished":"2023-05-09T14:03:30+00:00","dateModified":"2023-05-17T08:00:26+00:00","author":{"@id":"https:\/\/stroteam.com\/#\/schema\/person\/a515c857cb8a914cdc256a028763bde1"},"description":"Madeleine Horst donne ses souvenirs d'enfance dans les ann\u00e9es 1900 et fait \"vivre\" ses oncles, tantes dans les ann\u00e9es 1900 \u00e0 Paris, Horbourg, Montmorency,...","breadcrumb":{"@id":"https:\/\/stroteam.com\/index.php\/2023\/05\/09\/souvenir-denfance\/#breadcrumb"},"inLanguage":"en-US","potentialAction":[{"@type":"ReadAction","target":["https:\/\/stroteam.com\/index.php\/2023\/05\/09\/souvenir-denfance\/"]}]},{"@type":"BreadcrumbList","@id":"https:\/\/stroteam.com\/index.php\/2023\/05\/09\/souvenir-denfance\/#breadcrumb","itemListElement":[{"@type":"ListItem","position":1,"name":"Accueil","item":"https:\/\/stroteam.com\/"},{"@type":"ListItem","position":2,"name":"Souvenirs d&rsquo;Enfance"}]},{"@type":"WebSite","@id":"https:\/\/stroteam.com\/#website","url":"https:\/\/stroteam.com\/","name":"Family Stroh &amp; Co","description":"R\u00e9cits des familles Stroh &amp; Co du Saint Empire Germanique \u00e0 aujourd&#039;hui","potentialAction":[{"@type":"SearchAction","target":{"@type":"EntryPoint","urlTemplate":"https:\/\/stroteam.com\/?s={search_term_string}"},"query-input":"required name=search_term_string"}],"inLanguage":"en-US"},{"@type":"Person","@id":"https:\/\/stroteam.com\/#\/schema\/person\/a515c857cb8a914cdc256a028763bde1","name":"Madeleine Horst","image":{"@type":"ImageObject","inLanguage":"en-US","@id":"https:\/\/stroteam.com\/#\/schema\/person\/image\/","url":"https:\/\/secure.gravatar.com\/avatar\/3d8770e9af713a4eab9f75b037e0d1b2?s=96&r=g","contentUrl":"https:\/\/secure.gravatar.com\/avatar\/3d8770e9af713a4eab9f75b037e0d1b2?s=96&r=g","caption":"Madeleine Horst"},"url":"https:\/\/stroteam.com\/index.php\/author\/horstm\/"}]}},"_links":{"self":[{"href":"https:\/\/stroteam.com\/index.php\/wp-json\/wp\/v2\/posts\/2477"}],"collection":[{"href":"https:\/\/stroteam.com\/index.php\/wp-json\/wp\/v2\/posts"}],"about":[{"href":"https:\/\/stroteam.com\/index.php\/wp-json\/wp\/v2\/types\/post"}],"author":[{"embeddable":true,"href":"https:\/\/stroteam.com\/index.php\/wp-json\/wp\/v2\/users\/4"}],"replies":[{"embeddable":true,"href":"https:\/\/stroteam.com\/index.php\/wp-json\/wp\/v2\/comments?post=2477"}],"version-history":[{"count":7,"href":"https:\/\/stroteam.com\/index.php\/wp-json\/wp\/v2\/posts\/2477\/revisions"}],"predecessor-version":[{"id":2607,"href":"https:\/\/stroteam.com\/index.php\/wp-json\/wp\/v2\/posts\/2477\/revisions\/2607"}],"wp:featuredmedia":[{"embeddable":true,"href":"https:\/\/stroteam.com\/index.php\/wp-json\/wp\/v2\/media\/792"}],"wp:attachment":[{"href":"https:\/\/stroteam.com\/index.php\/wp-json\/wp\/v2\/media?parent=2477"}],"wp:term":[{"taxonomy":"category","embeddable":true,"href":"https:\/\/stroteam.com\/index.php\/wp-json\/wp\/v2\/categories?post=2477"},{"taxonomy":"post_tag","embeddable":true,"href":"https:\/\/stroteam.com\/index.php\/wp-json\/wp\/v2\/tags?post=2477"}],"curies":[{"name":"wp","href":"https:\/\/api.w.org\/{rel}","templated":true}]}}