{"id":3019,"date":"2023-05-31T23:00:02","date_gmt":"2023-05-31T21:00:02","guid":{"rendered":"https:\/\/stroteam.com\/?p=3019"},"modified":"2023-09-27T23:14:36","modified_gmt":"2023-09-27T21:14:36","slug":"et-si-nos-pieds","status":"publish","type":"post","link":"https:\/\/stroteam.com\/index.php\/2023\/05\/31\/et-si-nos-pieds\/","title":{"rendered":"Et si nos pieds &#8230;"},"content":{"rendered":"\n<h1 class=\"has-text-align-center\">Et si nos pieds n&#8217;en faisaient qu&#8217;\u00e0 leur t\u00eate.<\/h1>\n\n\n\n<h1 class=\"has-text-align-center\">texte de George  Stroh , 2022 <\/h1>\n\n\n\n<p>Par Georges, toujours \u00e2pre voir cauchemardesque ? non ? &#8230; en tout cas hallucin\u00e9 !<\/p>\n\n\n\n<hr class=\"wp-block-separator has-alpha-channel-opacity\"\/>\n\n\n\n<div class=\"is-layout-flex wp-container-3 wp-block-columns\">\n<div class=\"is-layout-flow wp-block-column\" style=\"flex-basis:33.33%\">\n<p><\/p>\n\n\n\n<p><\/p>\n\n\n\n<p><\/p>\n\n\n\n<p><\/p>\n\n\n\n<p><\/p>\n\n\n\n<p><\/p>\n\n\n\n<p class=\"has-text-align-center\">Extrait du recueil dont la &#8220;couverture&#8221; est pr\u00e9sent\u00e9e ci-contre .<\/p>\n<\/div>\n\n\n\n<div class=\"is-layout-flow wp-block-column\" style=\"flex-basis:66.66%\">\n<figure class=\"wp-block-image aligncenter size-full is-resized\"><a href=\"https:\/\/stroteam.com\/?attachment_id=3027\"><img decoding=\"async\" loading=\"lazy\" src=\"https:\/\/stroteam.com\/wp-content\/uploads\/2023\/05\/entete.jpg\" alt=\"\" class=\"wp-image-3027\" width=\"396\" height=\"509\"\/><\/a><\/figure>\n<\/div>\n<\/div>\n\n\n\n<h2><strong>Gen\u00e8se du texte &#8221; Et si nos pieds&#8230;&#8221;<\/strong><\/h2>\n\n\n\n<p>Georges a b\u00e2ti son texte sur deux \u00e9v\u00e9nements v\u00e9cus et un \u00e0 venir:<\/p>\n\n\n\n<ul>\n<li>Lors d&#8217;une op\u00e9ration m\u00e9dicale avec anesth\u00e9sie g\u00e9n\u00e9rale, le chirurgien lui a demand\u00e9 de compter lentement \u00e0 voix haute  pour v\u00e9rifier son \u00e9tat de conscience. Georges s&#8217;est senti sombrer &#8230; et \u00e7a donne la cadence du texte en (1).<\/li>\n\n\n\n<li>Lors du d\u00e9c\u00e8s de Jean-Louis, son p\u00e8re, Georges a pris le train couchette de nuit pour descendre \u00e0 Toulon. Allong\u00e9 sur la couchette, la partie (2) fait ressentir son \u00e9tat mental.<\/li>\n\n\n\n<li>La partie (3) fait ressentir sa propre mort, comme un dissolution,  que l&#8217;on lui souhaitait la plus tardive possible!<\/li>\n<\/ul>\n\n\n\n<h2><strong>&#8221; Et si nos pieds&#8230;&#8221;<\/strong><\/h2>\n\n\n\n<div class=\"wp-block-file\"><object class=\"wp-block-file__embed\" data=\"https:\/\/stroteam.com\/wp-content\/uploads\/2023\/05\/Et-si-nos-pieds.pdf\" type=\"application\/pdf\" style=\"width:100%;height:640px\" aria-label=\"Embed of Et-si-nos-pieds.\"><\/object><a id=\"wp-block-file--media-36ddfa0d-261c-4ed4-8940-155637c3a47e\" href=\"https:\/\/stroteam.com\/wp-content\/uploads\/2023\/05\/Et-si-nos-pieds.pdf\">Et-si-nos-pieds<\/a><\/div>\n","protected":false},"excerpt":{"rendered":"<p>Et si nos pieds n&#8217;en faisaient qu&#8217;\u00e0 leur t\u00eate. texte de George Stroh , 2022 Par Georges, toujours \u00e2pre voir cauchemardesque ? non ? &#8230; en tout cas hallucin\u00e9 ! Extrait du recueil dont la &#8220;couverture&#8221; est pr\u00e9sent\u00e9e ci-contre . Gen\u00e8se du texte &#8221; Et si nos pieds&#8230;&#8221; Georges a b\u00e2ti son texte sur deux [&hellip;]<\/p>\n","protected":false},"author":3,"featured_media":3043,"comment_status":"open","ping_status":"open","sticky":false,"template":"","format":"standard","meta":{"_et_pb_use_builder":"off","_et_pb_old_content":"<!-- wp:heading {\"textAlign\":\"center\",\"level\":1} -->\n<h1 class=\"has-text-align-center\">L'Enigme Berthe Stroh?<\/h1>\n<!-- \/wp:heading -->\n\n<!-- wp:heading {\"textAlign\":\"center\",\"level\":1} -->\n<h1 class=\"has-text-align-center\">Novembre 2022<\/h1>\n<!-- \/wp:heading -->\n\n<!-- wp:paragraph -->\n<p>En rangeant ses archives, Georges est tomb\u00e9 sur une note manuscrite qui devait accompagner l'arbre g\u00e9n\u00e9alogique r\u00e9alis\u00e9 par Madeleine Horst (voir la section Gen\u00e9a). Dans cette note Madeleine mentionnait que Berthe avait \u00e9t\u00e9 Gouvernante des enfants royaux au Ch\u00e2teau de Windsor sans aucune pr\u00e9cision suppl\u00e9mentaire.  Ci-dessous compilation des \u00e9changes sur le sujet.<\/p>\n<!-- \/wp:paragraph -->\n\n<!-- wp:image {\"align\":\"center\",\"id\":804,\"sizeSlug\":\"full\",\"linkDestination\":\"none\",\"className\":\"is-style-default\"} -->\n<figure class=\"wp-block-image aligncenter size-full is-style-default\"><img src=\"https:\/\/stroteam.com\/wp-content\/uploads\/2023\/04\/Berthe-1.jpg\" alt=\"\" class=\"wp-image-804\"\/><figcaption class=\"wp-element-caption\">Zoom sur Berthe dans l'arbre<\/figcaption><\/figure>\n<!-- \/wp:image -->\n\n<!-- wp:heading {\"textAlign\":\"center\"} -->\n<h2 class=\"has-text-align-center\">-I- Berthe Stroh, gouvernante \u00e0 Windsor. On a pas la preuve !<\/h2>\n<!-- \/wp:heading -->\n\n<!-- wp:paragraph -->\n<p>Ci-dessous le mail d'analyse de Novembre 2022.<\/p>\n<!-- \/wp:paragraph -->\n\n<!-- wp:separator -->\n<hr class=\"wp-block-separator has-alpha-channel-opacity\"\/>\n<!-- \/wp:separator -->\n\n<!-- wp:paragraph -->\n<p>Salut Denise,<br>En r\u00e9sum\u00e9:<br>-Fritz Stroh n\u00e9 en 1816, mari\u00e9e en 1851 (\u00e9pouse Bruch). Fritz son p\u00e8re \u00e9tait \u00e9tait l'un des fr\u00e8res de notre Arri\u00e8re-Arri\u00e8re-Grand-P\u00e8re Georges (1812-1898)<br>-<strong>Berthe Stroh<\/strong> sa fille, n\u00e9e vers 1855-1860. Hypoth\u00e8se car nous n'avons pas sa date de naissance mais je le d\u00e9termine au doigt mouill\u00e9 en fonction de l'age des fr\u00e8res et s\u0153urs. Elle est d\u00e9c\u00e9d\u00e9e en 1938, c'est sur internet. Aucune info sur son \u00e9tat marital.<br>-On ajoute 20 ans minimum avec l'hypoth\u00e8se qu'elle n'a pas pu \u00eatre nounou d'enfants Royaux avant 20 ans. <br>-On obtient alors une date d'entr\u00e9e en fonction au plus t\u00f4t vers 1875.<\/p>\n<!-- \/wp:paragraph -->\n\n<!-- wp:paragraph -->\n<p>Donc je dirais qu'il faut <strong>chercher la prise de fonction \u00e0 Windsor entre 1870 et 1925<\/strong> pour faire tr\u00e8s tr\u00e8s large.<br>Bonne recherche!<\/p>\n<!-- \/wp:paragraph -->\n\n<!-- wp:paragraph -->\n<p>Bise,<\/p>\n<!-- \/wp:paragraph -->\n\n<!-- wp:paragraph -->\n<p>Laurent<\/p>\n<!-- \/wp:paragraph -->\n\n<!-- wp:separator -->\n<hr class=\"wp-block-separator has-alpha-channel-opacity\"\/>\n<!-- \/wp:separator -->\n\n<!-- wp:paragraph -->\n<p>La recherche n'ayant rien donn\u00e9 le cas reste un <strong>Cold Case<\/strong>. Il faudrait \u00e9crire \u00e0 <strong>Charles III pour r\u00e9soudre l'\u00e9nigme<\/strong> et trouver documents ou photos attestant son r\u00f4le !<\/p>\n<!-- \/wp:paragraph -->","_et_gb_content_width":""},"categories":[15],"tags":[],"yoast_head":"<!-- This site is optimized with the Yoast SEO plugin v20.5 - https:\/\/yoast.com\/wordpress\/plugins\/seo\/ -->\n<title>Po\u00e9sie- Ballast- Compter- Georges Stroh<\/title>\n<meta name=\"description\" content=\"Texte bas\u00e9 sur le ressenti de Georges Stroh lors d&#039;une anesth\u00e9sie et du d\u00e9c\u00e8s de Jean-Louis Stroh.\" \/>\n<meta name=\"robots\" content=\"index, follow, max-snippet:-1, max-image-preview:large, max-video-preview:-1\" \/>\n<link rel=\"canonical\" href=\"https:\/\/stroteam.com\/index.php\/2023\/05\/31\/et-si-nos-pieds\/\" \/>\n<meta property=\"og:locale\" content=\"en_US\" \/>\n<meta property=\"og:type\" content=\"article\" \/>\n<meta property=\"og:title\" content=\"Po\u00e9sie- Ballast- Compter- Georges Stroh\" \/>\n<meta property=\"og:description\" content=\"Texte bas\u00e9 sur le ressenti de Georges Stroh lors d&#039;une anesth\u00e9sie et du d\u00e9c\u00e8s de Jean-Louis Stroh.\" \/>\n<meta property=\"og:url\" content=\"https:\/\/stroteam.com\/index.php\/2023\/05\/31\/et-si-nos-pieds\/\" \/>\n<meta property=\"og:site_name\" content=\"Family Stroh &amp; Co\" \/>\n<meta property=\"article:published_time\" content=\"2023-05-31T21:00:02+00:00\" \/>\n<meta property=\"article:modified_time\" content=\"2023-09-27T21:14:36+00:00\" \/>\n<meta property=\"og:image\" content=\"http:\/\/stroteam.com\/wp-content\/uploads\/2023\/05\/end-time-1539429_1280.jpg\" \/>\n\t<meta property=\"og:image:width\" content=\"1280\" \/>\n\t<meta property=\"og:image:height\" content=\"1024\" \/>\n\t<meta property=\"og:image:type\" content=\"image\/jpeg\" \/>\n<meta name=\"author\" content=\"Georges Stroh\" \/>\n<meta name=\"twitter:card\" content=\"summary_large_image\" \/>\n<meta name=\"twitter:label1\" content=\"Written by\" \/>\n\t<meta name=\"twitter:data1\" content=\"Georges Stroh\" \/>\n\t<meta name=\"twitter:label2\" content=\"Est. reading time\" \/>\n\t<meta name=\"twitter:data2\" content=\"1 minute\" \/>\n<script type=\"application\/ld+json\" class=\"yoast-schema-graph\">{\"@context\":\"https:\/\/schema.org\",\"@graph\":[{\"@type\":\"WebPage\",\"@id\":\"https:\/\/stroteam.com\/index.php\/2023\/05\/31\/et-si-nos-pieds\/\",\"url\":\"https:\/\/stroteam.com\/index.php\/2023\/05\/31\/et-si-nos-pieds\/\",\"name\":\"Po\u00e9sie- Ballast- Compter- Georges Stroh\",\"isPartOf\":{\"@id\":\"https:\/\/stroteam.com\/#website\"},\"datePublished\":\"2023-05-31T21:00:02+00:00\",\"dateModified\":\"2023-09-27T21:14:36+00:00\",\"author\":{\"@id\":\"https:\/\/stroteam.com\/#\/schema\/person\/5b39aba5f75fb4692044abf291b2d4dd\"},\"description\":\"Texte bas\u00e9 sur le ressenti de Georges Stroh lors d'une anesth\u00e9sie et du d\u00e9c\u00e8s de Jean-Louis Stroh.\",\"breadcrumb\":{\"@id\":\"https:\/\/stroteam.com\/index.php\/2023\/05\/31\/et-si-nos-pieds\/#breadcrumb\"},\"inLanguage\":\"en-US\",\"potentialAction\":[{\"@type\":\"ReadAction\",\"target\":[\"https:\/\/stroteam.com\/index.php\/2023\/05\/31\/et-si-nos-pieds\/\"]}]},{\"@type\":\"BreadcrumbList\",\"@id\":\"https:\/\/stroteam.com\/index.php\/2023\/05\/31\/et-si-nos-pieds\/#breadcrumb\",\"itemListElement\":[{\"@type\":\"ListItem\",\"position\":1,\"name\":\"Accueil\",\"item\":\"https:\/\/stroteam.com\/\"},{\"@type\":\"ListItem\",\"position\":2,\"name\":\"Et si nos pieds &#8230;\"}]},{\"@type\":\"WebSite\",\"@id\":\"https:\/\/stroteam.com\/#website\",\"url\":\"https:\/\/stroteam.com\/\",\"name\":\"Family Stroh &amp; Co\",\"description\":\"R\u00e9cits des familles Stroh &amp; Co du Saint Empire Germanique \u00e0 aujourd&#039;hui\",\"potentialAction\":[{\"@type\":\"SearchAction\",\"target\":{\"@type\":\"EntryPoint\",\"urlTemplate\":\"https:\/\/stroteam.com\/?s={search_term_string}\"},\"query-input\":\"required name=search_term_string\"}],\"inLanguage\":\"en-US\"},{\"@type\":\"Person\",\"@id\":\"https:\/\/stroteam.com\/#\/schema\/person\/5b39aba5f75fb4692044abf291b2d4dd\",\"name\":\"Georges Stroh\",\"image\":{\"@type\":\"ImageObject\",\"inLanguage\":\"en-US\",\"@id\":\"https:\/\/stroteam.com\/#\/schema\/person\/image\/\",\"url\":\"https:\/\/secure.gravatar.com\/avatar\/e6a9047739b9be43652fd141784dd032?s=96&r=g\",\"contentUrl\":\"https:\/\/secure.gravatar.com\/avatar\/e6a9047739b9be43652fd141784dd032?s=96&r=g\",\"caption\":\"Georges Stroh\"},\"url\":\"https:\/\/stroteam.com\/index.php\/author\/georgess\/\"}]}<\/script>\n<!-- \/ Yoast SEO plugin. -->","yoast_head_json":{"title":"Po\u00e9sie- Ballast- Compter- Georges Stroh","description":"Texte bas\u00e9 sur le ressenti de Georges Stroh lors d'une anesth\u00e9sie et du d\u00e9c\u00e8s de Jean-Louis Stroh.","robots":{"index":"index","follow":"follow","max-snippet":"max-snippet:-1","max-image-preview":"max-image-preview:large","max-video-preview":"max-video-preview:-1"},"canonical":"https:\/\/stroteam.com\/index.php\/2023\/05\/31\/et-si-nos-pieds\/","og_locale":"en_US","og_type":"article","og_title":"Po\u00e9sie- Ballast- Compter- Georges Stroh","og_description":"Texte bas\u00e9 sur le ressenti de Georges Stroh lors d'une anesth\u00e9sie et du d\u00e9c\u00e8s de Jean-Louis Stroh.","og_url":"https:\/\/stroteam.com\/index.php\/2023\/05\/31\/et-si-nos-pieds\/","og_site_name":"Family Stroh &amp; Co","article_published_time":"2023-05-31T21:00:02+00:00","article_modified_time":"2023-09-27T21:14:36+00:00","og_image":[{"width":1280,"height":1024,"url":"http:\/\/stroteam.com\/wp-content\/uploads\/2023\/05\/end-time-1539429_1280.jpg","type":"image\/jpeg"}],"author":"Georges Stroh","twitter_card":"summary_large_image","twitter_misc":{"Written by":"Georges Stroh","Est. reading time":"1 minute"},"schema":{"@context":"https:\/\/schema.org","@graph":[{"@type":"WebPage","@id":"https:\/\/stroteam.com\/index.php\/2023\/05\/31\/et-si-nos-pieds\/","url":"https:\/\/stroteam.com\/index.php\/2023\/05\/31\/et-si-nos-pieds\/","name":"Po\u00e9sie- Ballast- Compter- Georges Stroh","isPartOf":{"@id":"https:\/\/stroteam.com\/#website"},"datePublished":"2023-05-31T21:00:02+00:00","dateModified":"2023-09-27T21:14:36+00:00","author":{"@id":"https:\/\/stroteam.com\/#\/schema\/person\/5b39aba5f75fb4692044abf291b2d4dd"},"description":"Texte bas\u00e9 sur le ressenti de Georges Stroh lors d'une anesth\u00e9sie et du d\u00e9c\u00e8s de Jean-Louis Stroh.","breadcrumb":{"@id":"https:\/\/stroteam.com\/index.php\/2023\/05\/31\/et-si-nos-pieds\/#breadcrumb"},"inLanguage":"en-US","potentialAction":[{"@type":"ReadAction","target":["https:\/\/stroteam.com\/index.php\/2023\/05\/31\/et-si-nos-pieds\/"]}]},{"@type":"BreadcrumbList","@id":"https:\/\/stroteam.com\/index.php\/2023\/05\/31\/et-si-nos-pieds\/#breadcrumb","itemListElement":[{"@type":"ListItem","position":1,"name":"Accueil","item":"https:\/\/stroteam.com\/"},{"@type":"ListItem","position":2,"name":"Et si nos pieds &#8230;"}]},{"@type":"WebSite","@id":"https:\/\/stroteam.com\/#website","url":"https:\/\/stroteam.com\/","name":"Family Stroh &amp; Co","description":"R\u00e9cits des familles Stroh &amp; Co du Saint Empire Germanique \u00e0 aujourd&#039;hui","potentialAction":[{"@type":"SearchAction","target":{"@type":"EntryPoint","urlTemplate":"https:\/\/stroteam.com\/?s={search_term_string}"},"query-input":"required name=search_term_string"}],"inLanguage":"en-US"},{"@type":"Person","@id":"https:\/\/stroteam.com\/#\/schema\/person\/5b39aba5f75fb4692044abf291b2d4dd","name":"Georges Stroh","image":{"@type":"ImageObject","inLanguage":"en-US","@id":"https:\/\/stroteam.com\/#\/schema\/person\/image\/","url":"https:\/\/secure.gravatar.com\/avatar\/e6a9047739b9be43652fd141784dd032?s=96&r=g","contentUrl":"https:\/\/secure.gravatar.com\/avatar\/e6a9047739b9be43652fd141784dd032?s=96&r=g","caption":"Georges Stroh"},"url":"https:\/\/stroteam.com\/index.php\/author\/georgess\/"}]}},"_links":{"self":[{"href":"https:\/\/stroteam.com\/index.php\/wp-json\/wp\/v2\/posts\/3019"}],"collection":[{"href":"https:\/\/stroteam.com\/index.php\/wp-json\/wp\/v2\/posts"}],"about":[{"href":"https:\/\/stroteam.com\/index.php\/wp-json\/wp\/v2\/types\/post"}],"author":[{"embeddable":true,"href":"https:\/\/stroteam.com\/index.php\/wp-json\/wp\/v2\/users\/3"}],"replies":[{"embeddable":true,"href":"https:\/\/stroteam.com\/index.php\/wp-json\/wp\/v2\/comments?post=3019"}],"version-history":[{"count":22,"href":"https:\/\/stroteam.com\/index.php\/wp-json\/wp\/v2\/posts\/3019\/revisions"}],"predecessor-version":[{"id":3635,"href":"https:\/\/stroteam.com\/index.php\/wp-json\/wp\/v2\/posts\/3019\/revisions\/3635"}],"wp:featuredmedia":[{"embeddable":true,"href":"https:\/\/stroteam.com\/index.php\/wp-json\/wp\/v2\/media\/3043"}],"wp:attachment":[{"href":"https:\/\/stroteam.com\/index.php\/wp-json\/wp\/v2\/media?parent=3019"}],"wp:term":[{"taxonomy":"category","embeddable":true,"href":"https:\/\/stroteam.com\/index.php\/wp-json\/wp\/v2\/categories?post=3019"},{"taxonomy":"post_tag","embeddable":true,"href":"https:\/\/stroteam.com\/index.php\/wp-json\/wp\/v2\/tags?post=3019"}],"curies":[{"name":"wp","href":"https:\/\/api.w.org\/{rel}","templated":true}]}}