{"id":3133,"date":"2023-06-11T13:09:32","date_gmt":"2023-06-11T11:09:32","guid":{"rendered":"https:\/\/stroteam.com\/?p=3133"},"modified":"2023-06-11T14:51:17","modified_gmt":"2023-06-11T12:51:17","slug":"enfance-refugiee","status":"publish","type":"post","link":"https:\/\/stroteam.com\/index.php\/2023\/06\/11\/enfance-refugiee\/","title":{"rendered":"Enfance R\u00e9fugi\u00e9e"},"content":{"rendered":"\n<h1 class=\"has-text-align-center\">Enfance R\u00e9fugi\u00e9e<\/h1>\n\n\n\n<h1 class=\"has-text-align-center\">Texte de Denise  Stroh Fowler , 2009 <\/h1>\n\n\n\n<hr class=\"wp-block-separator has-alpha-channel-opacity\"\/>\n\n\n\n<p>Beau r\u00e9cit de Denise avec les d\u00e9placements de la famille entre Strasbourg, Bergerac et Toulon et cela avant, pendant et apr\u00e8s la 2ieme guerre mondiale. Georges et Ren\u00e9 voulaient y apporter des ajouts ou des corrections ! <\/p>\n\n\n\n<p>Les photos retenues dans ce &#8220;livre&#8221; seront ajout\u00e9es en version &#8220;cliquable&#8221;apr\u00e8s le texte, si &#8230; retrouv\u00e9es par Denise.<\/p>\n\n\n\n<div class=\"wp-block-file\"><object class=\"wp-block-file__embed\" data=\"https:\/\/stroteam.com\/wp-content\/uploads\/2023\/06\/Enfance-Refugiee-1.pdf\" type=\"application\/pdf\" style=\"width:100%;height:800px\" aria-label=\"Embed of Enfance-Refugiee-1.\"><\/object><a id=\"wp-block-file--media-b1029fa1-2cd1-42e9-9ec7-e1e0c36750c6\" href=\"https:\/\/stroteam.com\/wp-content\/uploads\/2023\/06\/Enfance-Refugiee-1.pdf\">Enfance-Refugiee-1<\/a><\/div>\n","protected":false},"excerpt":{"rendered":"<p>Enfance R\u00e9fugi\u00e9e Texte de Denise Stroh Fowler , 2009 Beau r\u00e9cit de Denise avec les d\u00e9placements de la famille entre Strasbourg, Bergerac et Toulon et cela avant, pendant et apr\u00e8s la 2ieme guerre mondiale. Georges et Ren\u00e9 voulaient y apporter des ajouts ou des corrections ! Les photos retenues dans ce &#8220;livre&#8221; seront ajout\u00e9es en [&hellip;]<\/p>\n","protected":false},"author":2,"featured_media":3147,"comment_status":"open","ping_status":"open","sticky":false,"template":"","format":"standard","meta":{"_et_pb_use_builder":"off","_et_pb_old_content":"<!-- wp:heading {\"textAlign\":\"center\",\"level\":1} -->\n<h1 class=\"has-text-align-center\">L'Enigme Berthe Stroh?<\/h1>\n<!-- \/wp:heading -->\n\n<!-- wp:heading {\"textAlign\":\"center\",\"level\":1} -->\n<h1 class=\"has-text-align-center\">Novembre 2022<\/h1>\n<!-- \/wp:heading -->\n\n<!-- wp:paragraph -->\n<p>En rangeant ses archives, Georges est tomb\u00e9 sur une note manuscrite qui devait accompagner l'arbre g\u00e9n\u00e9alogique r\u00e9alis\u00e9 par Madeleine Horst (voir la section Gen\u00e9a). Dans cette note Madeleine mentionnait que Berthe avait \u00e9t\u00e9 Gouvernante des enfants royaux au Ch\u00e2teau de Windsor sans aucune pr\u00e9cision suppl\u00e9mentaire.  Ci-dessous compilation des \u00e9changes sur le sujet.<\/p>\n<!-- \/wp:paragraph -->\n\n<!-- wp:image {\"align\":\"center\",\"id\":804,\"sizeSlug\":\"full\",\"linkDestination\":\"none\",\"className\":\"is-style-default\"} -->\n<figure class=\"wp-block-image aligncenter size-full is-style-default\"><img src=\"https:\/\/stroteam.com\/wp-content\/uploads\/2023\/04\/Berthe-1.jpg\" alt=\"\" class=\"wp-image-804\"\/><figcaption class=\"wp-element-caption\">Zoom sur Berthe dans l'arbre<\/figcaption><\/figure>\n<!-- \/wp:image -->\n\n<!-- wp:heading {\"textAlign\":\"center\"} -->\n<h2 class=\"has-text-align-center\">-I- Berthe Stroh, gouvernante \u00e0 Windsor. On a pas la preuve !<\/h2>\n<!-- \/wp:heading -->\n\n<!-- wp:paragraph -->\n<p>Ci-dessous le mail d'analyse de Novembre 2022.<\/p>\n<!-- \/wp:paragraph -->\n\n<!-- wp:separator -->\n<hr class=\"wp-block-separator has-alpha-channel-opacity\"\/>\n<!-- \/wp:separator -->\n\n<!-- wp:paragraph -->\n<p>Salut Denise,<br>En r\u00e9sum\u00e9:<br>-Fritz Stroh n\u00e9 en 1816, mari\u00e9e en 1851 (\u00e9pouse Bruch). Fritz son p\u00e8re \u00e9tait \u00e9tait l'un des fr\u00e8res de notre Arri\u00e8re-Arri\u00e8re-Grand-P\u00e8re Georges (1812-1898)<br>-<strong>Berthe Stroh<\/strong> sa fille, n\u00e9e vers 1855-1860. Hypoth\u00e8se car nous n'avons pas sa date de naissance mais je le d\u00e9termine au doigt mouill\u00e9 en fonction de l'age des fr\u00e8res et s\u0153urs. Elle est d\u00e9c\u00e9d\u00e9e en 1938, c'est sur internet. Aucune info sur son \u00e9tat marital.<br>-On ajoute 20 ans minimum avec l'hypoth\u00e8se qu'elle n'a pas pu \u00eatre nounou d'enfants Royaux avant 20 ans. <br>-On obtient alors une date d'entr\u00e9e en fonction au plus t\u00f4t vers 1875.<\/p>\n<!-- \/wp:paragraph -->\n\n<!-- wp:paragraph -->\n<p>Donc je dirais qu'il faut <strong>chercher la prise de fonction \u00e0 Windsor entre 1870 et 1925<\/strong> pour faire tr\u00e8s tr\u00e8s large.<br>Bonne recherche!<\/p>\n<!-- \/wp:paragraph -->\n\n<!-- wp:paragraph -->\n<p>Bise,<\/p>\n<!-- \/wp:paragraph -->\n\n<!-- wp:paragraph -->\n<p>Laurent<\/p>\n<!-- \/wp:paragraph -->\n\n<!-- wp:separator -->\n<hr class=\"wp-block-separator has-alpha-channel-opacity\"\/>\n<!-- \/wp:separator -->\n\n<!-- wp:paragraph -->\n<p>La recherche n'ayant rien donn\u00e9 le cas reste un <strong>Cold Case<\/strong>. Il faudrait \u00e9crire \u00e0 <strong>Charles III pour r\u00e9soudre l'\u00e9nigme<\/strong> et trouver documents ou photos attestant son r\u00f4le !<\/p>\n<!-- \/wp:paragraph -->","_et_gb_content_width":""},"categories":[12],"tags":[],"yoast_head":"<!-- This site is optimized with the Yoast SEO plugin v20.5 - https:\/\/yoast.com\/wordpress\/plugins\/seo\/ -->\n<title>Enfance- R\u00e9fugi\u00e9e- Strasbourg- LaMouthe - Toulon<\/title>\n<meta name=\"description\" content=\"Texte bas\u00e9 sur le ressenti de Georges Stroh lors d&#039;une anesth\u00e9sie et du d\u00e9c\u00e8s de Jean-Louis Stroh.\" \/>\n<meta name=\"robots\" content=\"index, follow, max-snippet:-1, max-image-preview:large, max-video-preview:-1\" \/>\n<link rel=\"canonical\" href=\"https:\/\/stroteam.com\/index.php\/2023\/06\/11\/enfance-refugiee\/\" \/>\n<meta property=\"og:locale\" content=\"en_US\" \/>\n<meta property=\"og:type\" content=\"article\" \/>\n<meta property=\"og:title\" content=\"Enfance- R\u00e9fugi\u00e9e- Strasbourg- LaMouthe - Toulon\" \/>\n<meta property=\"og:description\" content=\"Texte bas\u00e9 sur le ressenti de Georges Stroh lors d&#039;une anesth\u00e9sie et du d\u00e9c\u00e8s de Jean-Louis Stroh.\" \/>\n<meta property=\"og:url\" content=\"https:\/\/stroteam.com\/index.php\/2023\/06\/11\/enfance-refugiee\/\" \/>\n<meta property=\"og:site_name\" content=\"Family Stroh &amp; Co\" \/>\n<meta property=\"article:published_time\" content=\"2023-06-11T11:09:32+00:00\" \/>\n<meta property=\"article:modified_time\" content=\"2023-06-11T12:51:17+00:00\" \/>\n<meta property=\"og:image\" content=\"http:\/\/stroteam.com\/wp-content\/uploads\/2023\/06\/fondDENISE.jpg\" \/>\n\t<meta property=\"og:image:width\" content=\"2291\" \/>\n\t<meta property=\"og:image:height\" content=\"495\" \/>\n\t<meta property=\"og:image:type\" content=\"image\/jpeg\" \/>\n<meta name=\"author\" content=\"Laurent\" \/>\n<meta name=\"twitter:card\" content=\"summary_large_image\" \/>\n<meta name=\"twitter:label1\" content=\"Written by\" \/>\n\t<meta name=\"twitter:data1\" content=\"Laurent\" \/>\n\t<meta name=\"twitter:label2\" content=\"Est. reading time\" \/>\n\t<meta name=\"twitter:data2\" content=\"1 minute\" \/>\n<script type=\"application\/ld+json\" class=\"yoast-schema-graph\">{\"@context\":\"https:\/\/schema.org\",\"@graph\":[{\"@type\":\"WebPage\",\"@id\":\"https:\/\/stroteam.com\/index.php\/2023\/06\/11\/enfance-refugiee\/\",\"url\":\"https:\/\/stroteam.com\/index.php\/2023\/06\/11\/enfance-refugiee\/\",\"name\":\"Enfance- R\u00e9fugi\u00e9e- Strasbourg- LaMouthe - Toulon\",\"isPartOf\":{\"@id\":\"https:\/\/stroteam.com\/#website\"},\"datePublished\":\"2023-06-11T11:09:32+00:00\",\"dateModified\":\"2023-06-11T12:51:17+00:00\",\"author\":{\"@id\":\"https:\/\/stroteam.com\/#\/schema\/person\/c0528f6d5b2a1775821fa004230d2ccd\"},\"description\":\"Texte bas\u00e9 sur le ressenti de Georges Stroh lors d'une anesth\u00e9sie et du d\u00e9c\u00e8s de Jean-Louis Stroh.\",\"breadcrumb\":{\"@id\":\"https:\/\/stroteam.com\/index.php\/2023\/06\/11\/enfance-refugiee\/#breadcrumb\"},\"inLanguage\":\"en-US\",\"potentialAction\":[{\"@type\":\"ReadAction\",\"target\":[\"https:\/\/stroteam.com\/index.php\/2023\/06\/11\/enfance-refugiee\/\"]}]},{\"@type\":\"BreadcrumbList\",\"@id\":\"https:\/\/stroteam.com\/index.php\/2023\/06\/11\/enfance-refugiee\/#breadcrumb\",\"itemListElement\":[{\"@type\":\"ListItem\",\"position\":1,\"name\":\"Accueil\",\"item\":\"https:\/\/stroteam.com\/\"},{\"@type\":\"ListItem\",\"position\":2,\"name\":\"Enfance R\u00e9fugi\u00e9e\"}]},{\"@type\":\"WebSite\",\"@id\":\"https:\/\/stroteam.com\/#website\",\"url\":\"https:\/\/stroteam.com\/\",\"name\":\"Family Stroh &amp; Co\",\"description\":\"R\u00e9cits des familles Stroh &amp; Co du Saint Empire Germanique \u00e0 aujourd&#039;hui\",\"potentialAction\":[{\"@type\":\"SearchAction\",\"target\":{\"@type\":\"EntryPoint\",\"urlTemplate\":\"https:\/\/stroteam.com\/?s={search_term_string}\"},\"query-input\":\"required name=search_term_string\"}],\"inLanguage\":\"en-US\"},{\"@type\":\"Person\",\"@id\":\"https:\/\/stroteam.com\/#\/schema\/person\/c0528f6d5b2a1775821fa004230d2ccd\",\"name\":\"Laurent\",\"image\":{\"@type\":\"ImageObject\",\"inLanguage\":\"en-US\",\"@id\":\"https:\/\/stroteam.com\/#\/schema\/person\/image\/\",\"url\":\"https:\/\/secure.gravatar.com\/avatar\/8a495dc2107030945d1e614994bf46a4?s=96&r=g\",\"contentUrl\":\"https:\/\/secure.gravatar.com\/avatar\/8a495dc2107030945d1e614994bf46a4?s=96&r=g\",\"caption\":\"Laurent\"},\"url\":\"https:\/\/stroteam.com\/index.php\/author\/lauteam\/\"}]}<\/script>\n<!-- \/ Yoast SEO plugin. -->","yoast_head_json":{"title":"Enfance- R\u00e9fugi\u00e9e- Strasbourg- LaMouthe - Toulon","description":"Texte bas\u00e9 sur le ressenti de Georges Stroh lors d'une anesth\u00e9sie et du d\u00e9c\u00e8s de Jean-Louis Stroh.","robots":{"index":"index","follow":"follow","max-snippet":"max-snippet:-1","max-image-preview":"max-image-preview:large","max-video-preview":"max-video-preview:-1"},"canonical":"https:\/\/stroteam.com\/index.php\/2023\/06\/11\/enfance-refugiee\/","og_locale":"en_US","og_type":"article","og_title":"Enfance- R\u00e9fugi\u00e9e- Strasbourg- LaMouthe - Toulon","og_description":"Texte bas\u00e9 sur le ressenti de Georges Stroh lors d'une anesth\u00e9sie et du d\u00e9c\u00e8s de Jean-Louis Stroh.","og_url":"https:\/\/stroteam.com\/index.php\/2023\/06\/11\/enfance-refugiee\/","og_site_name":"Family Stroh &amp; Co","article_published_time":"2023-06-11T11:09:32+00:00","article_modified_time":"2023-06-11T12:51:17+00:00","og_image":[{"width":2291,"height":495,"url":"http:\/\/stroteam.com\/wp-content\/uploads\/2023\/06\/fondDENISE.jpg","type":"image\/jpeg"}],"author":"Laurent","twitter_card":"summary_large_image","twitter_misc":{"Written by":"Laurent","Est. reading time":"1 minute"},"schema":{"@context":"https:\/\/schema.org","@graph":[{"@type":"WebPage","@id":"https:\/\/stroteam.com\/index.php\/2023\/06\/11\/enfance-refugiee\/","url":"https:\/\/stroteam.com\/index.php\/2023\/06\/11\/enfance-refugiee\/","name":"Enfance- R\u00e9fugi\u00e9e- Strasbourg- LaMouthe - Toulon","isPartOf":{"@id":"https:\/\/stroteam.com\/#website"},"datePublished":"2023-06-11T11:09:32+00:00","dateModified":"2023-06-11T12:51:17+00:00","author":{"@id":"https:\/\/stroteam.com\/#\/schema\/person\/c0528f6d5b2a1775821fa004230d2ccd"},"description":"Texte bas\u00e9 sur le ressenti de Georges Stroh lors d'une anesth\u00e9sie et du d\u00e9c\u00e8s de Jean-Louis Stroh.","breadcrumb":{"@id":"https:\/\/stroteam.com\/index.php\/2023\/06\/11\/enfance-refugiee\/#breadcrumb"},"inLanguage":"en-US","potentialAction":[{"@type":"ReadAction","target":["https:\/\/stroteam.com\/index.php\/2023\/06\/11\/enfance-refugiee\/"]}]},{"@type":"BreadcrumbList","@id":"https:\/\/stroteam.com\/index.php\/2023\/06\/11\/enfance-refugiee\/#breadcrumb","itemListElement":[{"@type":"ListItem","position":1,"name":"Accueil","item":"https:\/\/stroteam.com\/"},{"@type":"ListItem","position":2,"name":"Enfance R\u00e9fugi\u00e9e"}]},{"@type":"WebSite","@id":"https:\/\/stroteam.com\/#website","url":"https:\/\/stroteam.com\/","name":"Family Stroh &amp; Co","description":"R\u00e9cits des familles Stroh &amp; Co du Saint Empire Germanique \u00e0 aujourd&#039;hui","potentialAction":[{"@type":"SearchAction","target":{"@type":"EntryPoint","urlTemplate":"https:\/\/stroteam.com\/?s={search_term_string}"},"query-input":"required name=search_term_string"}],"inLanguage":"en-US"},{"@type":"Person","@id":"https:\/\/stroteam.com\/#\/schema\/person\/c0528f6d5b2a1775821fa004230d2ccd","name":"Laurent","image":{"@type":"ImageObject","inLanguage":"en-US","@id":"https:\/\/stroteam.com\/#\/schema\/person\/image\/","url":"https:\/\/secure.gravatar.com\/avatar\/8a495dc2107030945d1e614994bf46a4?s=96&r=g","contentUrl":"https:\/\/secure.gravatar.com\/avatar\/8a495dc2107030945d1e614994bf46a4?s=96&r=g","caption":"Laurent"},"url":"https:\/\/stroteam.com\/index.php\/author\/lauteam\/"}]}},"_links":{"self":[{"href":"https:\/\/stroteam.com\/index.php\/wp-json\/wp\/v2\/posts\/3133"}],"collection":[{"href":"https:\/\/stroteam.com\/index.php\/wp-json\/wp\/v2\/posts"}],"about":[{"href":"https:\/\/stroteam.com\/index.php\/wp-json\/wp\/v2\/types\/post"}],"author":[{"embeddable":true,"href":"https:\/\/stroteam.com\/index.php\/wp-json\/wp\/v2\/users\/2"}],"replies":[{"embeddable":true,"href":"https:\/\/stroteam.com\/index.php\/wp-json\/wp\/v2\/comments?post=3133"}],"version-history":[{"count":12,"href":"https:\/\/stroteam.com\/index.php\/wp-json\/wp\/v2\/posts\/3133\/revisions"}],"predecessor-version":[{"id":3165,"href":"https:\/\/stroteam.com\/index.php\/wp-json\/wp\/v2\/posts\/3133\/revisions\/3165"}],"wp:featuredmedia":[{"embeddable":true,"href":"https:\/\/stroteam.com\/index.php\/wp-json\/wp\/v2\/media\/3147"}],"wp:attachment":[{"href":"https:\/\/stroteam.com\/index.php\/wp-json\/wp\/v2\/media?parent=3133"}],"wp:term":[{"taxonomy":"category","embeddable":true,"href":"https:\/\/stroteam.com\/index.php\/wp-json\/wp\/v2\/categories?post=3133"},{"taxonomy":"post_tag","embeddable":true,"href":"https:\/\/stroteam.com\/index.php\/wp-json\/wp\/v2\/tags?post=3133"}],"curies":[{"name":"wp","href":"https:\/\/api.w.org\/{rel}","templated":true}]}}