{"id":3600,"date":"2023-09-27T10:25:01","date_gmt":"2023-09-27T08:25:01","guid":{"rendered":"https:\/\/stroteam.com\/?p=3600"},"modified":"2023-09-27T10:47:05","modified_gmt":"2023-09-27T08:47:05","slug":"la-terrasse-ou-les-levres-bleues","status":"publish","type":"post","link":"https:\/\/stroteam.com\/index.php\/2023\/09\/27\/la-terrasse-ou-les-levres-bleues\/","title":{"rendered":"La terrasse ou Les l\u00e8vres bleues"},"content":{"rendered":"\n<h1 class=\"has-text-align-center\">La terrasse ou Les l\u00e8vres bleues<\/h1>\n\n\n\n<h1 class=\"has-text-align-center\">2002, par Georges Stroh<\/h1>\n\n\n\n<p><em>A Ang\u00e8le, Am\u00e9lie, Alice, Hortense, Lola et <em>No\u00e9mie<\/em> ainsi qu&#8217;\u00e0 la terrasse d\u2019Ollioules \u2026<\/em> <em>(la d\u00e9dicace \u00e9tait \u00e0 la  fin de son texte)<\/em><\/p>\n\n\n\n<p><\/p>\n\n\n\n<p class=\"has-text-align-center\">Dalles ros\u00e9es&nbsp;&nbsp;&nbsp;&nbsp;&nbsp;&nbsp;&nbsp;&nbsp;Amphores exultantes&nbsp;&nbsp;&nbsp;&nbsp;&nbsp;&nbsp; Olivier gris<mark style=\"background-color:rgba(0, 0, 0, 0)\" class=\"has-inline-color has-vivid-cyan-blue-color\"><br><\/mark>Ombres br\u00fblantes&nbsp;<br>Romarins \u00e9pineux&nbsp;&nbsp;&nbsp;&nbsp;&nbsp;&nbsp; Agaves mordantes&nbsp;&nbsp;&nbsp;&nbsp;&nbsp;&nbsp;&nbsp;&nbsp;&nbsp; Verveines pench\u00e9es<mark style=\"background-color:rgba(0, 0, 0, 0)\" class=\"has-inline-color has-vivid-cyan-blue-color\"><br><\/mark>Terrasse lov\u00e9e&nbsp;<br>Pompe grin\u00e7ante&nbsp;&nbsp;&nbsp;   &nbsp;&nbsp;&nbsp;Passes furtives&nbsp;             Eau fugitive<mark style=\"background-color:rgba(0, 0, 0, 0)\" class=\"has-inline-color has-vivid-cyan-blue-color\"><br><\/mark> Rires aigus&nbsp;&nbsp;<\/p>\n\n\n\n<p class=\"has-text-align-center\"><mark style=\"background-color:rgba(0, 0, 0, 0)\" class=\"has-inline-color has-vivid-cyan-blue-color\">Mains mouill\u00e9es<br>L\u00e8vres vertes<br>Les filles<br>Soul\u00e8vent<br>Les pierres fossiles<br>Couvrant<br>Les fourmili\u00e8res<\/mark><br><br>Cigales \u00e9teintes\u00a0\u00a0\u00a0\u00a0\u00a0    Mains effleur\u00e9es\u00a0\u00a0\u00a0\u00a0\u00a0\u00a0 R\u00eaves lac\u00e9s<mark style=\"background-color:rgba(0, 0, 0, 0)\" class=\"has-inline-color has-vivid-cyan-blue-color\"><br><\/mark>       Moments endormis\u00a0<\/p>\n\n\n\n<p class=\"has-text-align-center\"><mark style=\"background-color:rgba(0, 0, 0, 0)\" class=\"has-inline-color has-vivid-cyan-blue-color\">Silence dor\u00e9<br>La terrasse proven\u00e7ale<br>S\u00e9cr\u00e8te l&#8217;\u00e9t\u00e9<\/mark><\/p>\n\n\n\n<p class=\"has-text-align-center\">Sifflements escarp\u00e9s          Flamm\u00e8ches mordantes          Arbres embras\u00e9s<mark style=\"background-color:rgba(0, 0, 0, 0)\" class=\"has-inline-color has-vivid-cyan-blue-color\"><br><\/mark>   \u00c9boulis furtifs&nbsp;<br>Grondements fulgurants      Vents fr\u00e9n\u00e9tiques            Lueurs sanglantes<br>Cendres \u00e9m\u00e9ch\u00e9es<br>Sir\u00e8nes confuses        Terreurs \u00e9paisses           \u00c9clats sournois<br>Cigales calcin\u00e9es<\/p>\n\n\n\n<p class=\"has-text-align-center\"><mark style=\"background-color:rgba(0, 0, 0, 0)\" class=\"has-inline-color has-vivid-cyan-blue-color\">Mains charbonneuses<br>L\u00e8vres s\u00e8ches<br>Les filles<br>Caressent<br>La toison cendre<br>Couvrant<br>Trop de lavandes<\/mark><\/p>\n\n\n\n<p class=\"has-text-align-center\">Lumi\u00e8re cr\u00e9pusculaire         Com\u00e8tes acides Frissons          volcaniques<br>Romance de braise<\/p>\n\n\n\n<p class=\"has-text-align-center\"><mark style=\"background-color:rgba(0, 0, 0, 0)\" class=\"has-inline-color has-vivid-cyan-blue-color\">Les fureurs du ciel<br>Comme une peau \u00e9corch\u00e9e<br>Recouvrent la terre<\/mark><\/p>\n\n\n\n<p class=\"has-text-align-center\">S\u00e9racs endormis         Blizzards immobiles        For\u00eats enfouies<br>Phoques \u00e9ventr\u00e9s<br>Vagues fig\u00e9es             Reflets d&#8217;ivoire          Falaises blanches<br>Terrasse moir\u00e9e<br>Fourmis grouillantes      Chien d\u00e9pec\u00e9         Olivier mort<br>            Billot sanglant<\/p>\n\n\n\n<p class=\"has-text-align-center\"><mark style=\"background-color:rgba(0, 0, 0, 0)\" class=\"has-inline-color has-vivid-cyan-blue-color\">Narines givr\u00e9es<br>L\u00e8vres bleues<br>En peaux de b\u00eates<br>Les filles<br>Aux dents luisantes<br>Lancent<br>Leurs osselets<\/mark><\/p>\n\n\n\n<p class=\"has-text-align-center\">Cliquetis aigus       Odeurs coupantes       Rires limpides<br>S\u00e9cr\u00e9tion froide<\/p>\n\n\n\n<p class=\"has-text-align-center\"><mark style=\"background-color:rgba(0, 0, 0, 0)\" class=\"has-inline-color has-vivid-cyan-blue-color\">Des orgues du gel<br>En meute silencieuse<br>R\u00e9sonne le glas<\/mark><\/p>\n\n\n\n<p class=\"has-text-align-center\"><em>Georges STROH<br>Le 15 novembre 2002<\/em><\/p>\n\n\n\n<p><\/p>\n","protected":false},"excerpt":{"rendered":"<p>La terrasse ou Les l\u00e8vres bleues 2002, par Georges Stroh A Ang\u00e8le, Am\u00e9lie, Alice, Hortense, Lola et No\u00e9mie ainsi qu&#8217;\u00e0 la terrasse d\u2019Ollioules \u2026 (la d\u00e9dicace \u00e9tait \u00e0 la fin de son texte) Dalles ros\u00e9es&nbsp;&nbsp;&nbsp;&nbsp;&nbsp;&nbsp;&nbsp;&nbsp;Amphores exultantes&nbsp;&nbsp;&nbsp;&nbsp;&nbsp;&nbsp; Olivier grisOmbres br\u00fblantes&nbsp;Romarins \u00e9pineux&nbsp;&nbsp;&nbsp;&nbsp;&nbsp;&nbsp; Agaves mordantes&nbsp;&nbsp;&nbsp;&nbsp;&nbsp;&nbsp;&nbsp;&nbsp;&nbsp; Verveines pench\u00e9esTerrasse lov\u00e9e&nbsp;Pompe grin\u00e7ante&nbsp;&nbsp;&nbsp; &nbsp;&nbsp;&nbsp;Passes furtives&nbsp; Eau fugitive Rires aigus&nbsp;&nbsp; Mains mouill\u00e9esL\u00e8vres vertesLes [&hellip;]<\/p>\n","protected":false},"author":3,"featured_media":3614,"comment_status":"open","ping_status":"open","sticky":false,"template":"","format":"standard","meta":{"_et_pb_use_builder":"off","_et_pb_old_content":"","_et_gb_content_width":""},"categories":[15],"tags":[],"yoast_head":"<!-- This site is optimized with the Yoast SEO plugin v20.5 - https:\/\/yoast.com\/wordpress\/plugins\/seo\/ -->\n<title>L\u00e8vres- Petites-Filles- Terasse<\/title>\n<meta name=\"robots\" content=\"index, follow, max-snippet:-1, max-image-preview:large, max-video-preview:-1\" \/>\n<link rel=\"canonical\" href=\"https:\/\/stroteam.com\/index.php\/2023\/09\/27\/la-terrasse-ou-les-levres-bleues\/\" \/>\n<meta property=\"og:locale\" content=\"en_US\" \/>\n<meta property=\"og:type\" content=\"article\" \/>\n<meta property=\"og:title\" content=\"L\u00e8vres- Petites-Filles- Terasse\" \/>\n<meta property=\"og:description\" content=\"La terrasse ou Les l\u00e8vres bleues 2002, par Georges Stroh A Ang\u00e8le, Am\u00e9lie, Alice, Hortense, Lola et No\u00e9mie ainsi qu&#8217;\u00e0 la terrasse d\u2019Ollioules \u2026 (la d\u00e9dicace \u00e9tait \u00e0 la fin de son texte) Dalles ros\u00e9es&nbsp;&nbsp;&nbsp;&nbsp;&nbsp;&nbsp;&nbsp;&nbsp;Amphores exultantes&nbsp;&nbsp;&nbsp;&nbsp;&nbsp;&nbsp; Olivier grisOmbres br\u00fblantes&nbsp;Romarins \u00e9pineux&nbsp;&nbsp;&nbsp;&nbsp;&nbsp;&nbsp; Agaves mordantes&nbsp;&nbsp;&nbsp;&nbsp;&nbsp;&nbsp;&nbsp;&nbsp;&nbsp; Verveines pench\u00e9esTerrasse lov\u00e9e&nbsp;Pompe grin\u00e7ante&nbsp;&nbsp;&nbsp; &nbsp;&nbsp;&nbsp;Passes furtives&nbsp; Eau fugitive Rires aigus&nbsp;&nbsp; Mains mouill\u00e9esL\u00e8vres vertesLes [&hellip;]\" \/>\n<meta property=\"og:url\" content=\"https:\/\/stroteam.com\/index.php\/2023\/09\/27\/la-terrasse-ou-les-levres-bleues\/\" \/>\n<meta property=\"og:site_name\" content=\"Family Stroh &amp; Co\" \/>\n<meta property=\"article:published_time\" content=\"2023-09-27T08:25:01+00:00\" \/>\n<meta property=\"article:modified_time\" content=\"2023-09-27T08:47:05+00:00\" \/>\n<meta property=\"og:image\" content=\"http:\/\/stroteam.com\/wp-content\/uploads\/2023\/09\/levres.jpg\" \/>\n\t<meta property=\"og:image:width\" content=\"462\" \/>\n\t<meta property=\"og:image:height\" content=\"85\" \/>\n\t<meta property=\"og:image:type\" content=\"image\/jpeg\" \/>\n<meta name=\"author\" content=\"Georges Stroh\" \/>\n<meta name=\"twitter:card\" content=\"summary_large_image\" \/>\n<meta name=\"twitter:label1\" content=\"Written by\" \/>\n\t<meta name=\"twitter:data1\" content=\"Georges Stroh\" \/>\n\t<meta name=\"twitter:label2\" content=\"Est. reading time\" \/>\n\t<meta name=\"twitter:data2\" content=\"2 minutes\" \/>\n<script type=\"application\/ld+json\" class=\"yoast-schema-graph\">{\"@context\":\"https:\/\/schema.org\",\"@graph\":[{\"@type\":\"WebPage\",\"@id\":\"https:\/\/stroteam.com\/index.php\/2023\/09\/27\/la-terrasse-ou-les-levres-bleues\/\",\"url\":\"https:\/\/stroteam.com\/index.php\/2023\/09\/27\/la-terrasse-ou-les-levres-bleues\/\",\"name\":\"L\u00e8vres- Petites-Filles- Terasse\",\"isPartOf\":{\"@id\":\"https:\/\/stroteam.com\/#website\"},\"datePublished\":\"2023-09-27T08:25:01+00:00\",\"dateModified\":\"2023-09-27T08:47:05+00:00\",\"author\":{\"@id\":\"https:\/\/stroteam.com\/#\/schema\/person\/5b39aba5f75fb4692044abf291b2d4dd\"},\"breadcrumb\":{\"@id\":\"https:\/\/stroteam.com\/index.php\/2023\/09\/27\/la-terrasse-ou-les-levres-bleues\/#breadcrumb\"},\"inLanguage\":\"en-US\",\"potentialAction\":[{\"@type\":\"ReadAction\",\"target\":[\"https:\/\/stroteam.com\/index.php\/2023\/09\/27\/la-terrasse-ou-les-levres-bleues\/\"]}]},{\"@type\":\"BreadcrumbList\",\"@id\":\"https:\/\/stroteam.com\/index.php\/2023\/09\/27\/la-terrasse-ou-les-levres-bleues\/#breadcrumb\",\"itemListElement\":[{\"@type\":\"ListItem\",\"position\":1,\"name\":\"Accueil\",\"item\":\"https:\/\/stroteam.com\/\"},{\"@type\":\"ListItem\",\"position\":2,\"name\":\"La terrasse ou Les l\u00e8vres bleues\"}]},{\"@type\":\"WebSite\",\"@id\":\"https:\/\/stroteam.com\/#website\",\"url\":\"https:\/\/stroteam.com\/\",\"name\":\"Family Stroh &amp; Co\",\"description\":\"R\u00e9cits des familles Stroh &amp; Co du Saint Empire Germanique \u00e0 aujourd&#039;hui\",\"potentialAction\":[{\"@type\":\"SearchAction\",\"target\":{\"@type\":\"EntryPoint\",\"urlTemplate\":\"https:\/\/stroteam.com\/?s={search_term_string}\"},\"query-input\":\"required name=search_term_string\"}],\"inLanguage\":\"en-US\"},{\"@type\":\"Person\",\"@id\":\"https:\/\/stroteam.com\/#\/schema\/person\/5b39aba5f75fb4692044abf291b2d4dd\",\"name\":\"Georges Stroh\",\"image\":{\"@type\":\"ImageObject\",\"inLanguage\":\"en-US\",\"@id\":\"https:\/\/stroteam.com\/#\/schema\/person\/image\/\",\"url\":\"https:\/\/secure.gravatar.com\/avatar\/e6a9047739b9be43652fd141784dd032?s=96&r=g\",\"contentUrl\":\"https:\/\/secure.gravatar.com\/avatar\/e6a9047739b9be43652fd141784dd032?s=96&r=g\",\"caption\":\"Georges Stroh\"},\"url\":\"https:\/\/stroteam.com\/index.php\/author\/georgess\/\"}]}<\/script>\n<!-- \/ Yoast SEO plugin. -->","yoast_head_json":{"title":"L\u00e8vres- Petites-Filles- Terasse","robots":{"index":"index","follow":"follow","max-snippet":"max-snippet:-1","max-image-preview":"max-image-preview:large","max-video-preview":"max-video-preview:-1"},"canonical":"https:\/\/stroteam.com\/index.php\/2023\/09\/27\/la-terrasse-ou-les-levres-bleues\/","og_locale":"en_US","og_type":"article","og_title":"L\u00e8vres- Petites-Filles- Terasse","og_description":"La terrasse ou Les l\u00e8vres bleues 2002, par Georges Stroh A Ang\u00e8le, Am\u00e9lie, Alice, Hortense, Lola et No\u00e9mie ainsi qu&#8217;\u00e0 la terrasse d\u2019Ollioules \u2026 (la d\u00e9dicace \u00e9tait \u00e0 la fin de son texte) Dalles ros\u00e9es&nbsp;&nbsp;&nbsp;&nbsp;&nbsp;&nbsp;&nbsp;&nbsp;Amphores exultantes&nbsp;&nbsp;&nbsp;&nbsp;&nbsp;&nbsp; Olivier grisOmbres br\u00fblantes&nbsp;Romarins \u00e9pineux&nbsp;&nbsp;&nbsp;&nbsp;&nbsp;&nbsp; Agaves mordantes&nbsp;&nbsp;&nbsp;&nbsp;&nbsp;&nbsp;&nbsp;&nbsp;&nbsp; Verveines pench\u00e9esTerrasse lov\u00e9e&nbsp;Pompe grin\u00e7ante&nbsp;&nbsp;&nbsp; &nbsp;&nbsp;&nbsp;Passes furtives&nbsp; Eau fugitive Rires aigus&nbsp;&nbsp; Mains mouill\u00e9esL\u00e8vres vertesLes [&hellip;]","og_url":"https:\/\/stroteam.com\/index.php\/2023\/09\/27\/la-terrasse-ou-les-levres-bleues\/","og_site_name":"Family Stroh &amp; Co","article_published_time":"2023-09-27T08:25:01+00:00","article_modified_time":"2023-09-27T08:47:05+00:00","og_image":[{"width":462,"height":85,"url":"http:\/\/stroteam.com\/wp-content\/uploads\/2023\/09\/levres.jpg","type":"image\/jpeg"}],"author":"Georges Stroh","twitter_card":"summary_large_image","twitter_misc":{"Written by":"Georges Stroh","Est. reading time":"2 minutes"},"schema":{"@context":"https:\/\/schema.org","@graph":[{"@type":"WebPage","@id":"https:\/\/stroteam.com\/index.php\/2023\/09\/27\/la-terrasse-ou-les-levres-bleues\/","url":"https:\/\/stroteam.com\/index.php\/2023\/09\/27\/la-terrasse-ou-les-levres-bleues\/","name":"L\u00e8vres- Petites-Filles- Terasse","isPartOf":{"@id":"https:\/\/stroteam.com\/#website"},"datePublished":"2023-09-27T08:25:01+00:00","dateModified":"2023-09-27T08:47:05+00:00","author":{"@id":"https:\/\/stroteam.com\/#\/schema\/person\/5b39aba5f75fb4692044abf291b2d4dd"},"breadcrumb":{"@id":"https:\/\/stroteam.com\/index.php\/2023\/09\/27\/la-terrasse-ou-les-levres-bleues\/#breadcrumb"},"inLanguage":"en-US","potentialAction":[{"@type":"ReadAction","target":["https:\/\/stroteam.com\/index.php\/2023\/09\/27\/la-terrasse-ou-les-levres-bleues\/"]}]},{"@type":"BreadcrumbList","@id":"https:\/\/stroteam.com\/index.php\/2023\/09\/27\/la-terrasse-ou-les-levres-bleues\/#breadcrumb","itemListElement":[{"@type":"ListItem","position":1,"name":"Accueil","item":"https:\/\/stroteam.com\/"},{"@type":"ListItem","position":2,"name":"La terrasse ou Les l\u00e8vres bleues"}]},{"@type":"WebSite","@id":"https:\/\/stroteam.com\/#website","url":"https:\/\/stroteam.com\/","name":"Family Stroh &amp; Co","description":"R\u00e9cits des familles Stroh &amp; Co du Saint Empire Germanique \u00e0 aujourd&#039;hui","potentialAction":[{"@type":"SearchAction","target":{"@type":"EntryPoint","urlTemplate":"https:\/\/stroteam.com\/?s={search_term_string}"},"query-input":"required name=search_term_string"}],"inLanguage":"en-US"},{"@type":"Person","@id":"https:\/\/stroteam.com\/#\/schema\/person\/5b39aba5f75fb4692044abf291b2d4dd","name":"Georges Stroh","image":{"@type":"ImageObject","inLanguage":"en-US","@id":"https:\/\/stroteam.com\/#\/schema\/person\/image\/","url":"https:\/\/secure.gravatar.com\/avatar\/e6a9047739b9be43652fd141784dd032?s=96&r=g","contentUrl":"https:\/\/secure.gravatar.com\/avatar\/e6a9047739b9be43652fd141784dd032?s=96&r=g","caption":"Georges Stroh"},"url":"https:\/\/stroteam.com\/index.php\/author\/georgess\/"}]}},"_links":{"self":[{"href":"https:\/\/stroteam.com\/index.php\/wp-json\/wp\/v2\/posts\/3600"}],"collection":[{"href":"https:\/\/stroteam.com\/index.php\/wp-json\/wp\/v2\/posts"}],"about":[{"href":"https:\/\/stroteam.com\/index.php\/wp-json\/wp\/v2\/types\/post"}],"author":[{"embeddable":true,"href":"https:\/\/stroteam.com\/index.php\/wp-json\/wp\/v2\/users\/3"}],"replies":[{"embeddable":true,"href":"https:\/\/stroteam.com\/index.php\/wp-json\/wp\/v2\/comments?post=3600"}],"version-history":[{"count":11,"href":"https:\/\/stroteam.com\/index.php\/wp-json\/wp\/v2\/posts\/3600\/revisions"}],"predecessor-version":[{"id":3613,"href":"https:\/\/stroteam.com\/index.php\/wp-json\/wp\/v2\/posts\/3600\/revisions\/3613"}],"wp:featuredmedia":[{"embeddable":true,"href":"https:\/\/stroteam.com\/index.php\/wp-json\/wp\/v2\/media\/3614"}],"wp:attachment":[{"href":"https:\/\/stroteam.com\/index.php\/wp-json\/wp\/v2\/media?parent=3600"}],"wp:term":[{"taxonomy":"category","embeddable":true,"href":"https:\/\/stroteam.com\/index.php\/wp-json\/wp\/v2\/categories?post=3600"},{"taxonomy":"post_tag","embeddable":true,"href":"https:\/\/stroteam.com\/index.php\/wp-json\/wp\/v2\/tags?post=3600"}],"curies":[{"name":"wp","href":"https:\/\/api.w.org\/{rel}","templated":true}]}}