{"id":3657,"date":"2023-09-28T10:20:35","date_gmt":"2023-09-28T08:20:35","guid":{"rendered":"https:\/\/stroteam.com\/?p=3657"},"modified":"2025-04-15T10:20:47","modified_gmt":"2025-04-15T08:20:47","slug":"le-minuscule-et-la-soupe-au-sens","status":"publish","type":"post","link":"https:\/\/stroteam.com\/index.php\/2023\/09\/28\/le-minuscule-et-la-soupe-au-sens\/","title":{"rendered":"Le minuscule et la soupe au sens."},"content":{"rendered":"\n<h1 class=\"has-text-align-center\">Le minuscule et la soupe au sens.<\/h1>\n\n\n\n<h1 class=\"has-text-align-center\">1998, par Georges Stroh<\/h1>\n\n\n\n<p>LE MINUSCULE<br>Sur le bois patin\u00e9 de la table, une tache sirupeuse de couleur grenat, grande comme un p\u00e9tale d&#8217;hortentia, s&#8217;\u00e9paissit. Juste au-dessus, aux l\u00e8vres du bouchon de li\u00e8ge fissur\u00e9 d&#8217;une bouteille couch\u00e9e, perle une goutte de vin. Sur la vitre de la petite fen\u00eatre du chai glissent quelques gouttes de pluie.<\/p>\n\n\n\n<p><br>LA SOUPE AUX SENS<br>Un petit jet de vapeur chuinte sous le couvercle que je soul\u00e8ve alors. Blop! blop! Dans la marmite les borborygmes montent \u00e0 la surface ambr\u00e9e et moir\u00e9e de vert, rouge et ivoire, couleurs fondues en un moelleux pastel. L&#8217;odeur crois\u00e9e du basilic, de la tomate, du fromage de Roquefort et de la Provence, caresse mon visage dans le tourbillon d&#8217;un voile de vapeur humide et tendre je referme le couvercle et commence \u00e0 saliver\u2026<br><\/p>\n\n\n\n<p><em>Georges STROH<br>U.T.L.A. \/ Atelier d&#8217;Ecriture i PAU, novembre 1998<\/em><\/p>\n\n\n\n<p class=\"has-text-align-left\"><\/p>\n\n\n\n<p><\/p>\n","protected":false},"excerpt":{"rendered":"<p>Le minuscule et la soupe au sens. 1998, par Georges Stroh LE MINUSCULESur le bois patin\u00e9 de la table, une tache sirupeuse de couleur grenat, grande comme un p\u00e9tale d&#8217;hortentia, s&#8217;\u00e9paissit. Juste au-dessus, aux l\u00e8vres du bouchon de li\u00e8ge fissur\u00e9 d&#8217;une bouteille couch\u00e9e, perle une goutte de vin. Sur la vitre de la petite fen\u00eatre [&hellip;]<\/p>\n","protected":false},"author":3,"featured_media":3658,"comment_status":"open","ping_status":"open","sticky":false,"template":"","format":"standard","meta":{"_et_pb_use_builder":"off","_et_pb_old_content":"","_et_gb_content_width":""},"categories":[15],"tags":[],"yoast_head":"<!-- This site is optimized with the Yoast SEO plugin v20.5 - https:\/\/yoast.com\/wordpress\/plugins\/seo\/ -->\n<title>Soupe- Minuscule - M\u00e9moire olfactive<\/title>\n<meta name=\"robots\" content=\"index, follow, max-snippet:-1, max-image-preview:large, max-video-preview:-1\" \/>\n<link rel=\"canonical\" href=\"https:\/\/stroteam.com\/index.php\/2023\/09\/28\/le-minuscule-et-la-soupe-au-sens\/\" \/>\n<meta property=\"og:locale\" content=\"en_US\" \/>\n<meta property=\"og:type\" content=\"article\" \/>\n<meta property=\"og:title\" content=\"Soupe- Minuscule - M\u00e9moire olfactive\" \/>\n<meta property=\"og:description\" content=\"Le minuscule et la soupe au sens. 1998, par Georges Stroh LE MINUSCULESur le bois patin\u00e9 de la table, une tache sirupeuse de couleur grenat, grande comme un p\u00e9tale d&#8217;hortentia, s&#8217;\u00e9paissit. Juste au-dessus, aux l\u00e8vres du bouchon de li\u00e8ge fissur\u00e9 d&#8217;une bouteille couch\u00e9e, perle une goutte de vin. Sur la vitre de la petite fen\u00eatre [&hellip;]\" \/>\n<meta property=\"og:url\" content=\"https:\/\/stroteam.com\/index.php\/2023\/09\/28\/le-minuscule-et-la-soupe-au-sens\/\" \/>\n<meta property=\"og:site_name\" content=\"Family Stroh &amp; Co\" \/>\n<meta property=\"article:published_time\" content=\"2023-09-28T08:20:35+00:00\" \/>\n<meta property=\"article:modified_time\" content=\"2025-04-15T08:20:47+00:00\" \/>\n<meta property=\"og:image\" content=\"http:\/\/stroteam.com\/wp-content\/uploads\/2023\/09\/cuisine.jpg\" \/>\n\t<meta property=\"og:image:width\" content=\"1896\" \/>\n\t<meta property=\"og:image:height\" content=\"474\" \/>\n\t<meta property=\"og:image:type\" content=\"image\/jpeg\" \/>\n<meta name=\"author\" content=\"Georges Stroh\" \/>\n<meta name=\"twitter:card\" content=\"summary_large_image\" \/>\n<meta name=\"twitter:label1\" content=\"Written by\" \/>\n\t<meta name=\"twitter:data1\" content=\"Georges Stroh\" \/>\n\t<meta name=\"twitter:label2\" content=\"Est. reading time\" \/>\n\t<meta name=\"twitter:data2\" content=\"1 minute\" \/>\n<script type=\"application\/ld+json\" class=\"yoast-schema-graph\">{\"@context\":\"https:\/\/schema.org\",\"@graph\":[{\"@type\":\"WebPage\",\"@id\":\"https:\/\/stroteam.com\/index.php\/2023\/09\/28\/le-minuscule-et-la-soupe-au-sens\/\",\"url\":\"https:\/\/stroteam.com\/index.php\/2023\/09\/28\/le-minuscule-et-la-soupe-au-sens\/\",\"name\":\"Soupe- Minuscule - M\u00e9moire olfactive\",\"isPartOf\":{\"@id\":\"https:\/\/stroteam.com\/#website\"},\"datePublished\":\"2023-09-28T08:20:35+00:00\",\"dateModified\":\"2025-04-15T08:20:47+00:00\",\"author\":{\"@id\":\"https:\/\/stroteam.com\/#\/schema\/person\/5b39aba5f75fb4692044abf291b2d4dd\"},\"breadcrumb\":{\"@id\":\"https:\/\/stroteam.com\/index.php\/2023\/09\/28\/le-minuscule-et-la-soupe-au-sens\/#breadcrumb\"},\"inLanguage\":\"en-US\",\"potentialAction\":[{\"@type\":\"ReadAction\",\"target\":[\"https:\/\/stroteam.com\/index.php\/2023\/09\/28\/le-minuscule-et-la-soupe-au-sens\/\"]}]},{\"@type\":\"BreadcrumbList\",\"@id\":\"https:\/\/stroteam.com\/index.php\/2023\/09\/28\/le-minuscule-et-la-soupe-au-sens\/#breadcrumb\",\"itemListElement\":[{\"@type\":\"ListItem\",\"position\":1,\"name\":\"Accueil\",\"item\":\"https:\/\/stroteam.com\/\"},{\"@type\":\"ListItem\",\"position\":2,\"name\":\"Le minuscule et la soupe au sens.\"}]},{\"@type\":\"WebSite\",\"@id\":\"https:\/\/stroteam.com\/#website\",\"url\":\"https:\/\/stroteam.com\/\",\"name\":\"Family Stroh &amp; Co\",\"description\":\"R\u00e9cits des familles Stroh &amp; Co du Saint Empire Germanique \u00e0 aujourd&#039;hui\",\"potentialAction\":[{\"@type\":\"SearchAction\",\"target\":{\"@type\":\"EntryPoint\",\"urlTemplate\":\"https:\/\/stroteam.com\/?s={search_term_string}\"},\"query-input\":\"required name=search_term_string\"}],\"inLanguage\":\"en-US\"},{\"@type\":\"Person\",\"@id\":\"https:\/\/stroteam.com\/#\/schema\/person\/5b39aba5f75fb4692044abf291b2d4dd\",\"name\":\"Georges Stroh\",\"image\":{\"@type\":\"ImageObject\",\"inLanguage\":\"en-US\",\"@id\":\"https:\/\/stroteam.com\/#\/schema\/person\/image\/\",\"url\":\"https:\/\/secure.gravatar.com\/avatar\/e6a9047739b9be43652fd141784dd032?s=96&r=g\",\"contentUrl\":\"https:\/\/secure.gravatar.com\/avatar\/e6a9047739b9be43652fd141784dd032?s=96&r=g\",\"caption\":\"Georges Stroh\"},\"url\":\"https:\/\/stroteam.com\/index.php\/author\/georgess\/\"}]}<\/script>\n<!-- \/ Yoast SEO plugin. -->","yoast_head_json":{"title":"Soupe- Minuscule - M\u00e9moire olfactive","robots":{"index":"index","follow":"follow","max-snippet":"max-snippet:-1","max-image-preview":"max-image-preview:large","max-video-preview":"max-video-preview:-1"},"canonical":"https:\/\/stroteam.com\/index.php\/2023\/09\/28\/le-minuscule-et-la-soupe-au-sens\/","og_locale":"en_US","og_type":"article","og_title":"Soupe- Minuscule - M\u00e9moire olfactive","og_description":"Le minuscule et la soupe au sens. 1998, par Georges Stroh LE MINUSCULESur le bois patin\u00e9 de la table, une tache sirupeuse de couleur grenat, grande comme un p\u00e9tale d&#8217;hortentia, s&#8217;\u00e9paissit. Juste au-dessus, aux l\u00e8vres du bouchon de li\u00e8ge fissur\u00e9 d&#8217;une bouteille couch\u00e9e, perle une goutte de vin. Sur la vitre de la petite fen\u00eatre [&hellip;]","og_url":"https:\/\/stroteam.com\/index.php\/2023\/09\/28\/le-minuscule-et-la-soupe-au-sens\/","og_site_name":"Family Stroh &amp; Co","article_published_time":"2023-09-28T08:20:35+00:00","article_modified_time":"2025-04-15T08:20:47+00:00","og_image":[{"width":1896,"height":474,"url":"http:\/\/stroteam.com\/wp-content\/uploads\/2023\/09\/cuisine.jpg","type":"image\/jpeg"}],"author":"Georges Stroh","twitter_card":"summary_large_image","twitter_misc":{"Written by":"Georges Stroh","Est. reading time":"1 minute"},"schema":{"@context":"https:\/\/schema.org","@graph":[{"@type":"WebPage","@id":"https:\/\/stroteam.com\/index.php\/2023\/09\/28\/le-minuscule-et-la-soupe-au-sens\/","url":"https:\/\/stroteam.com\/index.php\/2023\/09\/28\/le-minuscule-et-la-soupe-au-sens\/","name":"Soupe- Minuscule - M\u00e9moire olfactive","isPartOf":{"@id":"https:\/\/stroteam.com\/#website"},"datePublished":"2023-09-28T08:20:35+00:00","dateModified":"2025-04-15T08:20:47+00:00","author":{"@id":"https:\/\/stroteam.com\/#\/schema\/person\/5b39aba5f75fb4692044abf291b2d4dd"},"breadcrumb":{"@id":"https:\/\/stroteam.com\/index.php\/2023\/09\/28\/le-minuscule-et-la-soupe-au-sens\/#breadcrumb"},"inLanguage":"en-US","potentialAction":[{"@type":"ReadAction","target":["https:\/\/stroteam.com\/index.php\/2023\/09\/28\/le-minuscule-et-la-soupe-au-sens\/"]}]},{"@type":"BreadcrumbList","@id":"https:\/\/stroteam.com\/index.php\/2023\/09\/28\/le-minuscule-et-la-soupe-au-sens\/#breadcrumb","itemListElement":[{"@type":"ListItem","position":1,"name":"Accueil","item":"https:\/\/stroteam.com\/"},{"@type":"ListItem","position":2,"name":"Le minuscule et la soupe au sens."}]},{"@type":"WebSite","@id":"https:\/\/stroteam.com\/#website","url":"https:\/\/stroteam.com\/","name":"Family Stroh &amp; Co","description":"R\u00e9cits des familles Stroh &amp; Co du Saint Empire Germanique \u00e0 aujourd&#039;hui","potentialAction":[{"@type":"SearchAction","target":{"@type":"EntryPoint","urlTemplate":"https:\/\/stroteam.com\/?s={search_term_string}"},"query-input":"required name=search_term_string"}],"inLanguage":"en-US"},{"@type":"Person","@id":"https:\/\/stroteam.com\/#\/schema\/person\/5b39aba5f75fb4692044abf291b2d4dd","name":"Georges Stroh","image":{"@type":"ImageObject","inLanguage":"en-US","@id":"https:\/\/stroteam.com\/#\/schema\/person\/image\/","url":"https:\/\/secure.gravatar.com\/avatar\/e6a9047739b9be43652fd141784dd032?s=96&r=g","contentUrl":"https:\/\/secure.gravatar.com\/avatar\/e6a9047739b9be43652fd141784dd032?s=96&r=g","caption":"Georges Stroh"},"url":"https:\/\/stroteam.com\/index.php\/author\/georgess\/"}]}},"_links":{"self":[{"href":"https:\/\/stroteam.com\/index.php\/wp-json\/wp\/v2\/posts\/3657"}],"collection":[{"href":"https:\/\/stroteam.com\/index.php\/wp-json\/wp\/v2\/posts"}],"about":[{"href":"https:\/\/stroteam.com\/index.php\/wp-json\/wp\/v2\/types\/post"}],"author":[{"embeddable":true,"href":"https:\/\/stroteam.com\/index.php\/wp-json\/wp\/v2\/users\/3"}],"replies":[{"embeddable":true,"href":"https:\/\/stroteam.com\/index.php\/wp-json\/wp\/v2\/comments?post=3657"}],"version-history":[{"count":2,"href":"https:\/\/stroteam.com\/index.php\/wp-json\/wp\/v2\/posts\/3657\/revisions"}],"predecessor-version":[{"id":3660,"href":"https:\/\/stroteam.com\/index.php\/wp-json\/wp\/v2\/posts\/3657\/revisions\/3660"}],"wp:featuredmedia":[{"embeddable":true,"href":"https:\/\/stroteam.com\/index.php\/wp-json\/wp\/v2\/media\/3658"}],"wp:attachment":[{"href":"https:\/\/stroteam.com\/index.php\/wp-json\/wp\/v2\/media?parent=3657"}],"wp:term":[{"taxonomy":"category","embeddable":true,"href":"https:\/\/stroteam.com\/index.php\/wp-json\/wp\/v2\/categories?post=3657"},{"taxonomy":"post_tag","embeddable":true,"href":"https:\/\/stroteam.com\/index.php\/wp-json\/wp\/v2\/tags?post=3657"}],"curies":[{"name":"wp","href":"https:\/\/api.w.org\/{rel}","templated":true}]}}