{"id":3669,"date":"2023-09-28T12:31:42","date_gmt":"2023-09-28T10:31:42","guid":{"rendered":"https:\/\/stroteam.com\/?p=3669"},"modified":"2023-09-28T12:47:59","modified_gmt":"2023-09-28T10:47:59","slug":"je-voudrais-pas-partir","status":"publish","type":"post","link":"https:\/\/stroteam.com\/index.php\/2023\/09\/28\/je-voudrais-pas-partir\/","title":{"rendered":"Je voudrais pas partir."},"content":{"rendered":"\n<h1 class=\"has-text-align-center\">Je voudrais pas partir.<\/h1>\n\n\n\n<h1 class=\"has-text-align-center\">2003, par Georges Stroh<\/h1>\n\n\n\n<p><br>Je voudrais pas partir<br>Pour un tr\u00e8s long voyage<br>Avant d&#8217;avoir connu <br>Sous les ailes d&#8217;un cygne<br>Une mer de nuage<br>Des indiennes sans \u00e2ge<br>Au milieu des bambous<br>Des masques Bambaras<br>Grima\u00e7ants \u00e0 Drouot<br>Avant d&#8217;avoir ferm\u00e9<br>Les volets et fen\u00eatres<br>Le robinet du gaz<br>Et tous les trous de rats<br><br>Je voudrais pas m&#8217;barrer<br>Au large des babines<br>Sans savoir si la mer <br>A des humeurs salines <br>A des odeurs de cul<br>Au large de Tha\u00eflande<br>Se reniflant de loin<br>Si m\u00eame \u00e0 Disney Land<br>Baille une entr\u00e9e d&#8217;\u00e9gout<br>Un p&#8217;tit rat qui s&#8217;ennuie<br>Sans avoir essay\u00e9<br>Un casque colonial<br>Dans un salon Kenzo<br>Un palanquin dor\u00e9<br>Port\u00e9 par des poulets<br>Une chaise perc\u00e9e<br>Rong\u00e9e par des ermites<br>Sans avoir fait claquer<br>Une paire de bretelles<br>Sans avoir mis mon nez<br>Au vent d&#8217;un dromadaire<br>Sans avoir fait pou\u00ebt pou\u00ebt<br>Avec une cornemuse<br>Sans avoir fait zin zin<br>Sur une balala\u00efka<br>Je voudrais pas partir<br><br>Je voudrais pas quitter<br>Sans conna\u00eetre l&#8217;amour<br>Et les c\u00f4tes d&#8217;Armor<br>Les plages de lisier<br>Rejet\u00e9es par la mer<br>Je voudrais pas partir<br>Avant que de Aimer<br>Tout au bout d&#8217;une digue<br>Une belle bretonne ma dondon sal\u00e9e<br>A la digue dondaine<br>Tout bien roul\u00e9e de noir<br>A la digue don don<br><br>Je voudrais pas partir<br>Avant que de t\u00e2ter<br>Les seins de ma bretonne<br>Ses l\u00e8vres d&#8217;acajou<br>Ses mains ses pieds ses joues<br>Sa bouche sapajou<br>A la digue don doux<br>Ses paupi\u00e8res en valises<br>Ou mes baisers s&#8217;enlisent<br>Apr\u00e8s demain dimanche<br>Sans qu&#8217;elle ait fait la roue<br>Avec sa coiffe blanche<br><br>Je voudrais pas m&#8217;tirer<br>Sans avoir chevauch\u00e9<br>Les girafes pub\u00e8res<br>Les \u00e9l\u00e9phants en rut<br>Dans des prairies br\u00fbl\u00e9es<br>Les palanquins dor\u00e9s<br>Les arbres renvers\u00e9s<br>Frott\u00e9s de gousses d&#8217;ai]<br>Sans avoir caress\u00e9<br>De quelque crapaud-buffle<br>Le dos de pneumopathe<br>Aux verrues \u00e9clat\u00e9es<br>Sans avoir pu marcher<br>Dans les pas de la lune<br>Dessous l&#8217;ombrelle brune<br>Des pentes du grenier<br><br>Je voudrais pas m&#8217;tirer<br>Avant d&#8217;avoir us\u00e9<br>Des trottoirs sans rues<br>Les \u00e9trons enjamb\u00e9s<br>Des trottoirs sans chiens<br>Des \u00e9glises sans troncs<br>Ou j&#8217;aurais voyag\u00e9<br>Dans l&#8217;encens et les ors<br>Tant de choses us\u00e9es<br>A laisser dans le noir<br>Les d\u00e9charges d&#8217;ordures<br>Les champs en mal d&#8217;aurores<br>Leurs nappes phr\u00e9atiques<br>Les bois contamin\u00e9s<br>Et ma salle \u00e0 manger<br><br>Je voudrais pas m&#8217;tirer<br>Sans emporter ma cave<br>Dont les murs suintent encore<br>Le salp\u00eatre des plombes<br>Ou les bouteilles se tirent<br>De derri\u00e8re les fagots<br>Ou les taupes copulent<br>Dans les fleurs d&#8217;oranger<br>Ou les veuves velues<br>Appr\u00eatent leurs filets<\/p>\n\n\n\n<p><strong><br>Invocation<\/strong><br><br>Messire saint Christophe<br>Je voudrais pas partir<br>Sacr\u00e9 coquin d&#8217;bon dieu<br>Prot\u00e8ge-nous des cons<br>Avant d&#8217;avoir go\u00fbt\u00e9<br>Sur le bout de la langue<br>Messire saint Michel<br>Au corps de l&#8217;\u00e9criture<br>Je voudrais pas m&#8217;barrer<br>Sans avoir astiqu\u00e9<br>Avec un soin extr\u00eame<br>Le fond de mon cercueil<br>Encore empli de vers<br>Je voudrais pas partir<br>Sans m&#8217;\u00eatre d\u00e9terr\u00e9.<\/p>\n\n\n\n<p><br>Georges STROH<br>ATELIER D&#8217; \u00c9CRITURE , A PAU, le 07 \/04 2003<br><\/p>\n\n\n\n<p><br><\/p>\n\n\n\n<p class=\"has-text-align-left\"><\/p>\n\n\n\n<p><\/p>\n","protected":false},"excerpt":{"rendered":"<p>Je voudrais pas partir. 2003, par Georges Stroh Je voudrais pas partirPour un tr\u00e8s long voyageAvant d&#8217;avoir connu Sous les ailes d&#8217;un cygneUne mer de nuageDes indiennes sans \u00e2geAu milieu des bambousDes masques BambarasGrima\u00e7ants \u00e0 DrouotAvant d&#8217;avoir ferm\u00e9Les volets et fen\u00eatresLe robinet du gazEt tous les trous de rats Je voudrais pas m&#8217;barrerAu large des [&hellip;]<\/p>\n","protected":false},"author":3,"featured_media":3672,"comment_status":"open","ping_status":"open","sticky":false,"template":"","format":"standard","meta":{"_et_pb_use_builder":"off","_et_pb_old_content":"","_et_gb_content_width":""},"categories":[15],"tags":[],"yoast_head":"<!-- This site is optimized with the Yoast SEO plugin v20.5 - https:\/\/yoast.com\/wordpress\/plugins\/seo\/ -->\n<title>Peur- Cri - Hant\u00e9<\/title>\n<meta name=\"robots\" content=\"index, follow, max-snippet:-1, max-image-preview:large, max-video-preview:-1\" \/>\n<link rel=\"canonical\" href=\"https:\/\/stroteam.com\/index.php\/2023\/09\/28\/je-voudrais-pas-partir\/\" \/>\n<meta property=\"og:locale\" content=\"en_US\" \/>\n<meta property=\"og:type\" content=\"article\" \/>\n<meta property=\"og:title\" content=\"Peur- Cri - Hant\u00e9\" \/>\n<meta property=\"og:description\" content=\"Je voudrais pas partir. 2003, par Georges Stroh Je voudrais pas partirPour un tr\u00e8s long voyageAvant d&#8217;avoir connu Sous les ailes d&#8217;un cygneUne mer de nuageDes indiennes sans \u00e2geAu milieu des bambousDes masques BambarasGrima\u00e7ants \u00e0 DrouotAvant d&#8217;avoir ferm\u00e9Les volets et fen\u00eatresLe robinet du gazEt tous les trous de rats Je voudrais pas m&#8217;barrerAu large des [&hellip;]\" \/>\n<meta property=\"og:url\" content=\"https:\/\/stroteam.com\/index.php\/2023\/09\/28\/je-voudrais-pas-partir\/\" \/>\n<meta property=\"og:site_name\" content=\"Family Stroh &amp; Co\" \/>\n<meta property=\"article:published_time\" content=\"2023-09-28T10:31:42+00:00\" \/>\n<meta property=\"article:modified_time\" content=\"2023-09-28T10:47:59+00:00\" \/>\n<meta property=\"og:image\" content=\"http:\/\/stroteam.com\/wp-content\/uploads\/2023\/09\/cygnes.jpg\" \/>\n\t<meta property=\"og:image:width\" content=\"1527\" \/>\n\t<meta property=\"og:image:height\" content=\"547\" \/>\n\t<meta property=\"og:image:type\" content=\"image\/jpeg\" \/>\n<meta name=\"author\" content=\"Georges Stroh\" \/>\n<meta name=\"twitter:card\" content=\"summary_large_image\" \/>\n<meta name=\"twitter:label1\" content=\"Written by\" \/>\n\t<meta name=\"twitter:data1\" content=\"Georges Stroh\" \/>\n\t<meta name=\"twitter:label2\" content=\"Est. reading time\" \/>\n\t<meta name=\"twitter:data2\" content=\"3 minutes\" \/>\n<script type=\"application\/ld+json\" class=\"yoast-schema-graph\">{\"@context\":\"https:\/\/schema.org\",\"@graph\":[{\"@type\":\"WebPage\",\"@id\":\"https:\/\/stroteam.com\/index.php\/2023\/09\/28\/je-voudrais-pas-partir\/\",\"url\":\"https:\/\/stroteam.com\/index.php\/2023\/09\/28\/je-voudrais-pas-partir\/\",\"name\":\"Peur- Cri - Hant\u00e9\",\"isPartOf\":{\"@id\":\"https:\/\/stroteam.com\/#website\"},\"datePublished\":\"2023-09-28T10:31:42+00:00\",\"dateModified\":\"2023-09-28T10:47:59+00:00\",\"author\":{\"@id\":\"https:\/\/stroteam.com\/#\/schema\/person\/5b39aba5f75fb4692044abf291b2d4dd\"},\"breadcrumb\":{\"@id\":\"https:\/\/stroteam.com\/index.php\/2023\/09\/28\/je-voudrais-pas-partir\/#breadcrumb\"},\"inLanguage\":\"en-US\",\"potentialAction\":[{\"@type\":\"ReadAction\",\"target\":[\"https:\/\/stroteam.com\/index.php\/2023\/09\/28\/je-voudrais-pas-partir\/\"]}]},{\"@type\":\"BreadcrumbList\",\"@id\":\"https:\/\/stroteam.com\/index.php\/2023\/09\/28\/je-voudrais-pas-partir\/#breadcrumb\",\"itemListElement\":[{\"@type\":\"ListItem\",\"position\":1,\"name\":\"Accueil\",\"item\":\"https:\/\/stroteam.com\/\"},{\"@type\":\"ListItem\",\"position\":2,\"name\":\"Je voudrais pas partir.\"}]},{\"@type\":\"WebSite\",\"@id\":\"https:\/\/stroteam.com\/#website\",\"url\":\"https:\/\/stroteam.com\/\",\"name\":\"Family Stroh &amp; Co\",\"description\":\"R\u00e9cits des familles Stroh &amp; Co du Saint Empire Germanique \u00e0 aujourd&#039;hui\",\"potentialAction\":[{\"@type\":\"SearchAction\",\"target\":{\"@type\":\"EntryPoint\",\"urlTemplate\":\"https:\/\/stroteam.com\/?s={search_term_string}\"},\"query-input\":\"required name=search_term_string\"}],\"inLanguage\":\"en-US\"},{\"@type\":\"Person\",\"@id\":\"https:\/\/stroteam.com\/#\/schema\/person\/5b39aba5f75fb4692044abf291b2d4dd\",\"name\":\"Georges Stroh\",\"image\":{\"@type\":\"ImageObject\",\"inLanguage\":\"en-US\",\"@id\":\"https:\/\/stroteam.com\/#\/schema\/person\/image\/\",\"url\":\"https:\/\/secure.gravatar.com\/avatar\/e6a9047739b9be43652fd141784dd032?s=96&r=g\",\"contentUrl\":\"https:\/\/secure.gravatar.com\/avatar\/e6a9047739b9be43652fd141784dd032?s=96&r=g\",\"caption\":\"Georges Stroh\"},\"url\":\"https:\/\/stroteam.com\/index.php\/author\/georgess\/\"}]}<\/script>\n<!-- \/ Yoast SEO plugin. -->","yoast_head_json":{"title":"Peur- Cri - Hant\u00e9","robots":{"index":"index","follow":"follow","max-snippet":"max-snippet:-1","max-image-preview":"max-image-preview:large","max-video-preview":"max-video-preview:-1"},"canonical":"https:\/\/stroteam.com\/index.php\/2023\/09\/28\/je-voudrais-pas-partir\/","og_locale":"en_US","og_type":"article","og_title":"Peur- Cri - Hant\u00e9","og_description":"Je voudrais pas partir. 2003, par Georges Stroh Je voudrais pas partirPour un tr\u00e8s long voyageAvant d&#8217;avoir connu Sous les ailes d&#8217;un cygneUne mer de nuageDes indiennes sans \u00e2geAu milieu des bambousDes masques BambarasGrima\u00e7ants \u00e0 DrouotAvant d&#8217;avoir ferm\u00e9Les volets et fen\u00eatresLe robinet du gazEt tous les trous de rats Je voudrais pas m&#8217;barrerAu large des [&hellip;]","og_url":"https:\/\/stroteam.com\/index.php\/2023\/09\/28\/je-voudrais-pas-partir\/","og_site_name":"Family Stroh &amp; Co","article_published_time":"2023-09-28T10:31:42+00:00","article_modified_time":"2023-09-28T10:47:59+00:00","og_image":[{"width":1527,"height":547,"url":"http:\/\/stroteam.com\/wp-content\/uploads\/2023\/09\/cygnes.jpg","type":"image\/jpeg"}],"author":"Georges Stroh","twitter_card":"summary_large_image","twitter_misc":{"Written by":"Georges Stroh","Est. reading time":"3 minutes"},"schema":{"@context":"https:\/\/schema.org","@graph":[{"@type":"WebPage","@id":"https:\/\/stroteam.com\/index.php\/2023\/09\/28\/je-voudrais-pas-partir\/","url":"https:\/\/stroteam.com\/index.php\/2023\/09\/28\/je-voudrais-pas-partir\/","name":"Peur- Cri - Hant\u00e9","isPartOf":{"@id":"https:\/\/stroteam.com\/#website"},"datePublished":"2023-09-28T10:31:42+00:00","dateModified":"2023-09-28T10:47:59+00:00","author":{"@id":"https:\/\/stroteam.com\/#\/schema\/person\/5b39aba5f75fb4692044abf291b2d4dd"},"breadcrumb":{"@id":"https:\/\/stroteam.com\/index.php\/2023\/09\/28\/je-voudrais-pas-partir\/#breadcrumb"},"inLanguage":"en-US","potentialAction":[{"@type":"ReadAction","target":["https:\/\/stroteam.com\/index.php\/2023\/09\/28\/je-voudrais-pas-partir\/"]}]},{"@type":"BreadcrumbList","@id":"https:\/\/stroteam.com\/index.php\/2023\/09\/28\/je-voudrais-pas-partir\/#breadcrumb","itemListElement":[{"@type":"ListItem","position":1,"name":"Accueil","item":"https:\/\/stroteam.com\/"},{"@type":"ListItem","position":2,"name":"Je voudrais pas partir."}]},{"@type":"WebSite","@id":"https:\/\/stroteam.com\/#website","url":"https:\/\/stroteam.com\/","name":"Family Stroh &amp; Co","description":"R\u00e9cits des familles Stroh &amp; Co du Saint Empire Germanique \u00e0 aujourd&#039;hui","potentialAction":[{"@type":"SearchAction","target":{"@type":"EntryPoint","urlTemplate":"https:\/\/stroteam.com\/?s={search_term_string}"},"query-input":"required name=search_term_string"}],"inLanguage":"en-US"},{"@type":"Person","@id":"https:\/\/stroteam.com\/#\/schema\/person\/5b39aba5f75fb4692044abf291b2d4dd","name":"Georges Stroh","image":{"@type":"ImageObject","inLanguage":"en-US","@id":"https:\/\/stroteam.com\/#\/schema\/person\/image\/","url":"https:\/\/secure.gravatar.com\/avatar\/e6a9047739b9be43652fd141784dd032?s=96&r=g","contentUrl":"https:\/\/secure.gravatar.com\/avatar\/e6a9047739b9be43652fd141784dd032?s=96&r=g","caption":"Georges Stroh"},"url":"https:\/\/stroteam.com\/index.php\/author\/georgess\/"}]}},"_links":{"self":[{"href":"https:\/\/stroteam.com\/index.php\/wp-json\/wp\/v2\/posts\/3669"}],"collection":[{"href":"https:\/\/stroteam.com\/index.php\/wp-json\/wp\/v2\/posts"}],"about":[{"href":"https:\/\/stroteam.com\/index.php\/wp-json\/wp\/v2\/types\/post"}],"author":[{"embeddable":true,"href":"https:\/\/stroteam.com\/index.php\/wp-json\/wp\/v2\/users\/3"}],"replies":[{"embeddable":true,"href":"https:\/\/stroteam.com\/index.php\/wp-json\/wp\/v2\/comments?post=3669"}],"version-history":[{"count":2,"href":"https:\/\/stroteam.com\/index.php\/wp-json\/wp\/v2\/posts\/3669\/revisions"}],"predecessor-version":[{"id":3671,"href":"https:\/\/stroteam.com\/index.php\/wp-json\/wp\/v2\/posts\/3669\/revisions\/3671"}],"wp:featuredmedia":[{"embeddable":true,"href":"https:\/\/stroteam.com\/index.php\/wp-json\/wp\/v2\/media\/3672"}],"wp:attachment":[{"href":"https:\/\/stroteam.com\/index.php\/wp-json\/wp\/v2\/media?parent=3669"}],"wp:term":[{"taxonomy":"category","embeddable":true,"href":"https:\/\/stroteam.com\/index.php\/wp-json\/wp\/v2\/categories?post=3669"},{"taxonomy":"post_tag","embeddable":true,"href":"https:\/\/stroteam.com\/index.php\/wp-json\/wp\/v2\/tags?post=3669"}],"curies":[{"name":"wp","href":"https:\/\/api.w.org\/{rel}","templated":true}]}}