{"id":3673,"date":"2023-09-28T12:51:16","date_gmt":"2023-09-28T10:51:16","guid":{"rendered":"https:\/\/stroteam.com\/?p=3673"},"modified":"2023-09-28T13:07:37","modified_gmt":"2023-09-28T11:07:37","slug":"portrait-de-je","status":"publish","type":"post","link":"https:\/\/stroteam.com\/index.php\/2023\/09\/28\/portrait-de-je\/","title":{"rendered":"Portrait de Je."},"content":{"rendered":"\n<h1 class=\"has-text-align-center\">Portrait de Je.<\/h1>\n\n\n\n<h1 class=\"has-text-align-center\">2002, par Georges Stroh<\/h1>\n\n\n\n<p>Sans miroir. Sans souvenir de mon visage pr\u00e9sent. Chassant mon visage pass\u00e9 qui se superpose. Une photo d&#8217;identit\u00e9 surexpos\u00e9e pour me regarder. Alors me voil\u00e0, ou plut\u00f4t me voici. J&#8217;ai le front d\u00e9gag\u00e9, rond, l\u00e9g\u00e8rement bomb\u00e9, suffisamment bomb\u00e9 pour laisser croire \u00e0 une possibilit\u00e9 d&#8217;intelligence. Mais pas assez pour un semblant de mongolisme, d&#8217;hydroc\u00e9phalie. Entre deux os. Mes cheveux tr\u00e8s courts soulignent un style tendance. En r\u00e9alit\u00e9 ils ne poussent plus. Sauf par les oreilles, par touffes difficiles \u00e0 dissimuler. Tous les vingt huit jours chaque cellule de mon corps meurt. Cela ne se voit presque pas. Beaucoup des composants de mon portrait ne se voient pas. Aussi ai-je du mal \u00e2 le faire. Mon front p\u00e8se dans ma main gauche lorsque j&#8217;\u00e9cris. Le pouce est appuy\u00e9, \u00e9tal\u00e9 sur la tempe \u2014 la gauche \u2014 et l&#8217;index repli\u00e9 sur le front. Cogitation ou accablement, ce p\u00e8sement, comme le pied sur un tube dentifrice, fait sortir, du stylo qui prolonge la main, des suites de mots trop longues et des adjectifs trop r\u00e9sistants, \u00e9touffants. J&#8217;ai des narines normalement d\u00e9velopp\u00e9es. Mes yeux, comme \u00e0 demi ferm\u00e9s, s&#8217;\u00e9tirent vers mes oreilles \u00e0 travers ces replis que l&#8217;on voit aux vieilles tortues. Comme pour mieux entendre. Mes yeux \u00e9taient bleus. Maintenant ils se ternissent. Ils deviennent gris, lorsque je bois. Je me gratte volontiers l&#8217;oreille droite \u00e2 l&#8217;invitation d&#8217;une touffe d\u00e9bordante de poils. Je le fais avec la main gauche puisque j&#8217;\u00e9cris. Je coordonne encore mes mouvements, mais pour combien de temps ? Ma nuque naturellement inclin\u00e9e vers l&#8217;\u00e9paule gauche, lorsque mont front n&#8217;est plus dans ma main, fait penser \u00e0 quelque chose. Alors je pense que ce n&#8217;est pas forc\u00e9ment de la pens\u00e9e mais de l&#8217;arthrose cervicale. Ainsi je me d\u00e9forme lentement. Mes \u00e9paules ( j&#8217;ai aussi une \u00e9paule droite ), ont tendance \u00e0 remonter vers mes oreilles. Je raidis mes bras pour les redescendre, car je crains de devenir sourd si elles venaient \u00e0 les masquer. De mon nez descendent deux plis amers vers les commissures des l\u00e8vres. Pourtant, je n&#8217;en sens nulle amertume. Les jours de soleil ou les jours d&#8217;\u00e9criture, les deux plis amers semblent plut\u00f4t monter des commissures, vers mes narines pour s&#8217;y enfouir. Si je me vois en pied, sans lunettes, dans un miroir, ce qui n&#8217;est pas possible lorsque j&#8217;\u00e9cris ( mais l&#8217;\u00e9criture n&#8217;est-elle pas le plus vrai des mensonges ), je me parais \u00e9-l\u00e9-gant ! Justement je cherche \u00e0 ne pas l&#8217;\u00eatre. Et je remets mes lunettes pour constater que j&#8217;ai r\u00e9ussi \u00e0 ne pas l&#8217;\u00eatre. Supr\u00eame \u00e9l\u00e9gance. Des lunettes. En accord avec mon front. Lorsque je ris ou je tousse, je mets ma main gauche devant la bouche pour \u00e9touffer le bruit. Ainsi je peux bailler. Je ne suis pas gaucher. Je le fais aussi avec la main droite. Lorsque je n&#8217;\u00e9cris pas. Si non je me plante le stylo dans le nez. Je marche avec deux b\u00e2tons, Pas ici, en montagne. Mes jambes sont de plus en plus lourdes. H\u00e9sitantes. Je vais de moins en moins haut. Bient\u00f4t je marcherais avec deux b\u00e2tons au bord de la mer. Je nage encore sans b\u00e2tons, L&#8217;eau porte mon corps. A l&#8217;horizontale, c&#8217;est l\u00e0 que je suis le plus beau. Je n&#8217;ai pas d&#8217;autre miroir que celui du ciel. Justement, en flottaison sur le dos, je peu contempler mes orteils. Furtivement. J&#8217;ai des ongles qui s&#8217;incarnent ou s&#8217;effritent. Ils d\u00e9g\u00e9n\u00e8rent au bout d&#8217;orteils membraneux. Plus courte que l&#8217;autre, j&#8217;ai une jambe ! Je ne sais plus laquelle ! Peut-\u00eatre les deux. Je ne parle pas de mes muscles fessiers. De profil, ils sont rel\u00e2ch\u00e9s. Ceux de Brigitte Bardot dans&#8221; La Femme et le Pantin&#8221; \u00e9taient semblables. Vulgaire. Cela me d\u00e9sesp\u00e8re. Mais j&#8217;oublie mes jambes, mon visage, mon corps. Alors j&#8217;\u00e9cris, j&#8217;\u00e9cris. Avec la main droite.<br><\/p>\n\n\n\n<p><em>Georges STROH <br>ATELIER D&#8217;ECRITURE DE L&#8217;U.T.L.A, PAU, le 17 mai 2002<\/em><\/p>\n\n\n\n<p><br><\/p>\n\n\n\n<p class=\"has-text-align-left\"><\/p>\n\n\n\n<p><\/p>\n","protected":false},"excerpt":{"rendered":"<p>Portrait de Je. 2002, par Georges Stroh Sans miroir. Sans souvenir de mon visage pr\u00e9sent. Chassant mon visage pass\u00e9 qui se superpose. Une photo d&#8217;identit\u00e9 surexpos\u00e9e pour me regarder. Alors me voil\u00e0, ou plut\u00f4t me voici. J&#8217;ai le front d\u00e9gag\u00e9, rond, l\u00e9g\u00e8rement bomb\u00e9, suffisamment bomb\u00e9 pour laisser croire \u00e0 une possibilit\u00e9 d&#8217;intelligence. Mais pas assez [&hellip;]<\/p>\n","protected":false},"author":3,"featured_media":3674,"comment_status":"open","ping_status":"open","sticky":false,"template":"","format":"standard","meta":{"_et_pb_use_builder":"off","_et_pb_old_content":"","_et_gb_content_width":""},"categories":[15],"tags":[],"yoast_head":"<!-- This site is optimized with the Yoast SEO plugin v20.5 - https:\/\/yoast.com\/wordpress\/plugins\/seo\/ -->\n<title>Georges- Faire face- portrait<\/title>\n<meta name=\"robots\" content=\"index, follow, max-snippet:-1, max-image-preview:large, max-video-preview:-1\" \/>\n<link rel=\"canonical\" href=\"https:\/\/stroteam.com\/index.php\/2023\/09\/28\/portrait-de-je\/\" \/>\n<meta property=\"og:locale\" content=\"en_US\" \/>\n<meta property=\"og:type\" content=\"article\" \/>\n<meta property=\"og:title\" content=\"Georges- Faire face- portrait\" \/>\n<meta property=\"og:description\" content=\"Portrait de Je. 2002, par Georges Stroh Sans miroir. Sans souvenir de mon visage pr\u00e9sent. Chassant mon visage pass\u00e9 qui se superpose. Une photo d&#8217;identit\u00e9 surexpos\u00e9e pour me regarder. Alors me voil\u00e0, ou plut\u00f4t me voici. J&#8217;ai le front d\u00e9gag\u00e9, rond, l\u00e9g\u00e8rement bomb\u00e9, suffisamment bomb\u00e9 pour laisser croire \u00e0 une possibilit\u00e9 d&#8217;intelligence. Mais pas assez [&hellip;]\" \/>\n<meta property=\"og:url\" content=\"https:\/\/stroteam.com\/index.php\/2023\/09\/28\/portrait-de-je\/\" \/>\n<meta property=\"og:site_name\" content=\"Family Stroh &amp; Co\" \/>\n<meta property=\"article:published_time\" content=\"2023-09-28T10:51:16+00:00\" \/>\n<meta property=\"article:modified_time\" content=\"2023-09-28T11:07:37+00:00\" \/>\n<meta property=\"og:image\" content=\"http:\/\/stroteam.com\/wp-content\/uploads\/2023\/09\/IMG_1116-1.jpg\" \/>\n\t<meta property=\"og:image:width\" content=\"1423\" \/>\n\t<meta property=\"og:image:height\" content=\"315\" \/>\n\t<meta property=\"og:image:type\" content=\"image\/jpeg\" \/>\n<meta name=\"author\" content=\"Georges Stroh\" \/>\n<meta name=\"twitter:card\" content=\"summary_large_image\" \/>\n<meta name=\"twitter:label1\" content=\"Written by\" \/>\n\t<meta name=\"twitter:data1\" content=\"Georges Stroh\" \/>\n\t<meta name=\"twitter:label2\" content=\"Est. reading time\" \/>\n\t<meta name=\"twitter:data2\" content=\"4 minutes\" \/>\n<script type=\"application\/ld+json\" class=\"yoast-schema-graph\">{\"@context\":\"https:\/\/schema.org\",\"@graph\":[{\"@type\":\"WebPage\",\"@id\":\"https:\/\/stroteam.com\/index.php\/2023\/09\/28\/portrait-de-je\/\",\"url\":\"https:\/\/stroteam.com\/index.php\/2023\/09\/28\/portrait-de-je\/\",\"name\":\"Georges- Faire face- portrait\",\"isPartOf\":{\"@id\":\"https:\/\/stroteam.com\/#website\"},\"datePublished\":\"2023-09-28T10:51:16+00:00\",\"dateModified\":\"2023-09-28T11:07:37+00:00\",\"author\":{\"@id\":\"https:\/\/stroteam.com\/#\/schema\/person\/5b39aba5f75fb4692044abf291b2d4dd\"},\"breadcrumb\":{\"@id\":\"https:\/\/stroteam.com\/index.php\/2023\/09\/28\/portrait-de-je\/#breadcrumb\"},\"inLanguage\":\"en-US\",\"potentialAction\":[{\"@type\":\"ReadAction\",\"target\":[\"https:\/\/stroteam.com\/index.php\/2023\/09\/28\/portrait-de-je\/\"]}]},{\"@type\":\"BreadcrumbList\",\"@id\":\"https:\/\/stroteam.com\/index.php\/2023\/09\/28\/portrait-de-je\/#breadcrumb\",\"itemListElement\":[{\"@type\":\"ListItem\",\"position\":1,\"name\":\"Accueil\",\"item\":\"https:\/\/stroteam.com\/\"},{\"@type\":\"ListItem\",\"position\":2,\"name\":\"Portrait de Je.\"}]},{\"@type\":\"WebSite\",\"@id\":\"https:\/\/stroteam.com\/#website\",\"url\":\"https:\/\/stroteam.com\/\",\"name\":\"Family Stroh &amp; Co\",\"description\":\"R\u00e9cits des familles Stroh &amp; Co du Saint Empire Germanique \u00e0 aujourd&#039;hui\",\"potentialAction\":[{\"@type\":\"SearchAction\",\"target\":{\"@type\":\"EntryPoint\",\"urlTemplate\":\"https:\/\/stroteam.com\/?s={search_term_string}\"},\"query-input\":\"required name=search_term_string\"}],\"inLanguage\":\"en-US\"},{\"@type\":\"Person\",\"@id\":\"https:\/\/stroteam.com\/#\/schema\/person\/5b39aba5f75fb4692044abf291b2d4dd\",\"name\":\"Georges Stroh\",\"image\":{\"@type\":\"ImageObject\",\"inLanguage\":\"en-US\",\"@id\":\"https:\/\/stroteam.com\/#\/schema\/person\/image\/\",\"url\":\"https:\/\/secure.gravatar.com\/avatar\/e6a9047739b9be43652fd141784dd032?s=96&r=g\",\"contentUrl\":\"https:\/\/secure.gravatar.com\/avatar\/e6a9047739b9be43652fd141784dd032?s=96&r=g\",\"caption\":\"Georges Stroh\"},\"url\":\"https:\/\/stroteam.com\/index.php\/author\/georgess\/\"}]}<\/script>\n<!-- \/ Yoast SEO plugin. -->","yoast_head_json":{"title":"Georges- Faire face- portrait","robots":{"index":"index","follow":"follow","max-snippet":"max-snippet:-1","max-image-preview":"max-image-preview:large","max-video-preview":"max-video-preview:-1"},"canonical":"https:\/\/stroteam.com\/index.php\/2023\/09\/28\/portrait-de-je\/","og_locale":"en_US","og_type":"article","og_title":"Georges- Faire face- portrait","og_description":"Portrait de Je. 2002, par Georges Stroh Sans miroir. Sans souvenir de mon visage pr\u00e9sent. Chassant mon visage pass\u00e9 qui se superpose. Une photo d&#8217;identit\u00e9 surexpos\u00e9e pour me regarder. Alors me voil\u00e0, ou plut\u00f4t me voici. J&#8217;ai le front d\u00e9gag\u00e9, rond, l\u00e9g\u00e8rement bomb\u00e9, suffisamment bomb\u00e9 pour laisser croire \u00e0 une possibilit\u00e9 d&#8217;intelligence. Mais pas assez [&hellip;]","og_url":"https:\/\/stroteam.com\/index.php\/2023\/09\/28\/portrait-de-je\/","og_site_name":"Family Stroh &amp; Co","article_published_time":"2023-09-28T10:51:16+00:00","article_modified_time":"2023-09-28T11:07:37+00:00","og_image":[{"width":1423,"height":315,"url":"http:\/\/stroteam.com\/wp-content\/uploads\/2023\/09\/IMG_1116-1.jpg","type":"image\/jpeg"}],"author":"Georges Stroh","twitter_card":"summary_large_image","twitter_misc":{"Written by":"Georges Stroh","Est. reading time":"4 minutes"},"schema":{"@context":"https:\/\/schema.org","@graph":[{"@type":"WebPage","@id":"https:\/\/stroteam.com\/index.php\/2023\/09\/28\/portrait-de-je\/","url":"https:\/\/stroteam.com\/index.php\/2023\/09\/28\/portrait-de-je\/","name":"Georges- Faire face- portrait","isPartOf":{"@id":"https:\/\/stroteam.com\/#website"},"datePublished":"2023-09-28T10:51:16+00:00","dateModified":"2023-09-28T11:07:37+00:00","author":{"@id":"https:\/\/stroteam.com\/#\/schema\/person\/5b39aba5f75fb4692044abf291b2d4dd"},"breadcrumb":{"@id":"https:\/\/stroteam.com\/index.php\/2023\/09\/28\/portrait-de-je\/#breadcrumb"},"inLanguage":"en-US","potentialAction":[{"@type":"ReadAction","target":["https:\/\/stroteam.com\/index.php\/2023\/09\/28\/portrait-de-je\/"]}]},{"@type":"BreadcrumbList","@id":"https:\/\/stroteam.com\/index.php\/2023\/09\/28\/portrait-de-je\/#breadcrumb","itemListElement":[{"@type":"ListItem","position":1,"name":"Accueil","item":"https:\/\/stroteam.com\/"},{"@type":"ListItem","position":2,"name":"Portrait de Je."}]},{"@type":"WebSite","@id":"https:\/\/stroteam.com\/#website","url":"https:\/\/stroteam.com\/","name":"Family Stroh &amp; Co","description":"R\u00e9cits des familles Stroh &amp; Co du Saint Empire Germanique \u00e0 aujourd&#039;hui","potentialAction":[{"@type":"SearchAction","target":{"@type":"EntryPoint","urlTemplate":"https:\/\/stroteam.com\/?s={search_term_string}"},"query-input":"required name=search_term_string"}],"inLanguage":"en-US"},{"@type":"Person","@id":"https:\/\/stroteam.com\/#\/schema\/person\/5b39aba5f75fb4692044abf291b2d4dd","name":"Georges Stroh","image":{"@type":"ImageObject","inLanguage":"en-US","@id":"https:\/\/stroteam.com\/#\/schema\/person\/image\/","url":"https:\/\/secure.gravatar.com\/avatar\/e6a9047739b9be43652fd141784dd032?s=96&r=g","contentUrl":"https:\/\/secure.gravatar.com\/avatar\/e6a9047739b9be43652fd141784dd032?s=96&r=g","caption":"Georges Stroh"},"url":"https:\/\/stroteam.com\/index.php\/author\/georgess\/"}]}},"_links":{"self":[{"href":"https:\/\/stroteam.com\/index.php\/wp-json\/wp\/v2\/posts\/3673"}],"collection":[{"href":"https:\/\/stroteam.com\/index.php\/wp-json\/wp\/v2\/posts"}],"about":[{"href":"https:\/\/stroteam.com\/index.php\/wp-json\/wp\/v2\/types\/post"}],"author":[{"embeddable":true,"href":"https:\/\/stroteam.com\/index.php\/wp-json\/wp\/v2\/users\/3"}],"replies":[{"embeddable":true,"href":"https:\/\/stroteam.com\/index.php\/wp-json\/wp\/v2\/comments?post=3673"}],"version-history":[{"count":2,"href":"https:\/\/stroteam.com\/index.php\/wp-json\/wp\/v2\/posts\/3673\/revisions"}],"predecessor-version":[{"id":3681,"href":"https:\/\/stroteam.com\/index.php\/wp-json\/wp\/v2\/posts\/3673\/revisions\/3681"}],"wp:featuredmedia":[{"embeddable":true,"href":"https:\/\/stroteam.com\/index.php\/wp-json\/wp\/v2\/media\/3674"}],"wp:attachment":[{"href":"https:\/\/stroteam.com\/index.php\/wp-json\/wp\/v2\/media?parent=3673"}],"wp:term":[{"taxonomy":"category","embeddable":true,"href":"https:\/\/stroteam.com\/index.php\/wp-json\/wp\/v2\/categories?post=3673"},{"taxonomy":"post_tag","embeddable":true,"href":"https:\/\/stroteam.com\/index.php\/wp-json\/wp\/v2\/tags?post=3673"}],"curies":[{"name":"wp","href":"https:\/\/api.w.org\/{rel}","templated":true}]}}